{"id":4153,"date":"2026-03-02T08:00:00","date_gmt":"2026-03-02T08:00:00","guid":{"rendered":"https:\/\/www.lesamoureuses.wine\/?p=4153"},"modified":"2026-02-23T16:08:59","modified_gmt":"2026-02-23T16:08:59","slug":"tempranillo-2023-le-nouveau-vin-biodynamique-du-domaine-les-amoureuses-en-ardeche","status":"publish","type":"post","link":"https:\/\/www.lesamoureuses.wine\/en\/tempranillo-2023-le-nouveau-vin-biodynamique-du-domaine-les-amoureuses-en-ardeche\/","title":{"rendered":"Tempranillo 2023 : le nouveau vin biodynamique du Domaine Les Amoureuses en Ard\u00e8che"},"content":{"rendered":"<p class=\"font-claude-response-body break-words whitespace-normal leading-[1.7]\">Il y a des vins qui se font vite. Et puis il y a ceux qui prennent le temps qu&#8217;il faut. Le <strong>Tempranillo 2023 du Domaine Les Amoureuses<\/strong> appartient r\u00e9solument \u00e0 la seconde cat\u00e9gorie. N\u00e9 d&#8217;une vision plant\u00e9e en 2014, \u00e9lev\u00e9 deux ans en amphores et f\u00fbts de ch\u00eane fran\u00e7ais, il arrive aujourd&#8217;hui comme la concr\u00e9tisation d&#8217;un pari audacieux : faire du grand vin en Ard\u00e8che avec un c\u00e9page d&#8217;origine espagnole.<br \/>\n<!--more--><\/p>\n<p class=\"font-claude-response-body break-words whitespace-normal leading-[1.7]\"><strong>Un c\u00e9page ib\u00e9rique au c\u0153ur de l&#8217;Ard\u00e8che<\/strong><\/p>\n<p class=\"font-claude-response-body break-words whitespace-normal leading-[1.7]\">Le Tempranillo est avant tout connu comme l&#8217;\u00e2me des grands vins espagnols \u2014 la Rioja, le Ribera del Duero. C\u00e9page rouge par excellence de la p\u00e9ninsule ib\u00e9rique, il est reconnu pour sa capacit\u00e9 \u00e0 produire des vins structur\u00e9s, aromatiques et dot\u00e9s d&#8217;un excellent potentiel de garde.<\/p>\n<p class=\"font-claude-response-body break-words whitespace-normal leading-[1.7]\">En 2014, le Domaine Les Amoureuses d\u00e9cide de le planter sur le <strong>lieu-dit du Darbousset<\/strong>, une parcelle d&#8217;altitude situ\u00e9e \u00e0 Bourg-Saint-And\u00e9ol, sur la rive droite du Rh\u00f4ne en Ard\u00e8che. Le choix n&#8217;est pas anodin : il s&#8217;inscrit dans une r\u00e9flexion globale sur l&#8217;adaptation de l&#8217;enc\u00e9pagement face aux mutations climatiques. Le Tempranillo, c\u00e9page solaire et r\u00e9sistant, s&#8217;av\u00e8re parfaitement adapt\u00e9 \u00e0 ce terroir entre fra\u00eecheur nordique et douceur m\u00e9diterran\u00e9enne.<\/p>\n<hr class=\"border-border-200 border-t-0.5 my-3 mx-1.5\" \/>\n<p class=\"font-claude-response-body break-words whitespace-normal leading-[1.7]\"><strong>Un \u00e9levage patient, entre amphores et ch\u00eane fran\u00e7ais<\/strong><\/p>\n<p class=\"font-claude-response-body break-words whitespace-normal leading-[1.7]\">Apr\u00e8s les vendanges 2023, le Tempranillo entame un \u00e9levage de deux ans qui forge son caract\u00e8re. Mi-amphores, mi-f\u00fbts de ch\u00eane fran\u00e7ais, cet \u00e9levage hybride lui conf\u00e8re \u00e0 la fois la min\u00e9ralit\u00e9 et la fra\u00eecheur caract\u00e9ristiques des vins vinifi\u00e9s en amphore, et la profondeur aromatique apport\u00e9e par le bois.<\/p>\n<p class=\"font-claude-response-body break-words whitespace-normal leading-[1.7]\">Fin janvier 2026, les 5 500 bouteilles sont mises en bouteille au Domaine, avant de recevoir leur cirage artisanal \u2014 derni\u00e8re \u00e9tape avant de rejoindre les amateurs.<\/p>\n<hr class=\"border-border-200 border-t-0.5 my-3 mx-1.5\" \/>\n<p class=\"font-claude-response-body break-words whitespace-normal leading-[1.7]\"><strong>Dans le verre : Harmonieux et Solaire<\/strong><\/p>\n<p class=\"font-claude-response-body break-words whitespace-normal leading-[1.7]\">Le Tempranillo 2023 s&#8217;ouvre sur une <strong>robe grenat profond<\/strong> aux reflets violets, dense et brillante. Le nez est expressif et solaire, domin\u00e9 par des fruits noirs m\u00fbrs \u2014 m\u00fbre, cerise noire \u2014 agr\u00e9ment\u00e9s de notes de violette et d&#8217;\u00e9pices douces, avec une l\u00e9g\u00e8re touche de torr\u00e9faction h\u00e9rit\u00e9e de l&#8217;\u00e9levage.<\/p>\n<p class=\"font-claude-response-body break-words whitespace-normal leading-[1.7]\">En bouche, l&#8217;attaque est franche et g\u00e9n\u00e9reuse. Les tanins, denses et soyeux, conduisent vers une <strong>finale persistante et aromatique<\/strong> d&#8217;une grande intensit\u00e9. Un vin de caract\u00e8re, taill\u00e9 pour ceux qui savent attendre \u2014 le potentiel de garde est estim\u00e9 \u00e0 <strong>15 \u00e0 20 ans<\/strong>.<\/p>\n<hr class=\"border-border-200 border-t-0.5 my-3 mx-1.5\" \/>\n<p class=\"font-claude-response-body break-words whitespace-normal leading-[1.7]\"><strong>Un vin engag\u00e9, certifi\u00e9 biologique et biodynamique<\/strong><\/p>\n<p class=\"font-claude-response-body break-words whitespace-normal leading-[1.7]\">Comme l&#8217;ensemble des cuv\u00e9es du Domaine Les Amoureuses \u00e0 compter du mill\u00e9sime 2023, le Tempranillo 2023 est produit dans le respect des principes de l&#8217;<strong>agriculture biologique<\/strong> \u2014 certifi\u00e9 Ecocert FR-BIO-01 \u2014 et de la <strong>biodynamie certifi\u00e9e Demeter<\/strong>. Le domaine est \u00e9galement labellis\u00e9 <strong>HVE<\/strong> (Haute Valeur Environnementale) et <strong>Vignerons Ind\u00e9pendants<\/strong>.<\/p>\n<p class=\"font-claude-response-body break-words whitespace-normal leading-[1.7]\">Ici, chaque geste au vignoble et \u00e0 la cave est pens\u00e9 pour respecter le vivant et donner la meilleure expression possible au terroir ard\u00e9chois.<\/p>\n<hr \/>\n<p class=\"font-claude-response-body break-words whitespace-normal leading-[1.7]\"><strong>Accords mets &amp; vins<\/strong><\/p>\n<p class=\"font-claude-response-body break-words whitespace-normal leading-[1.7]\">Le Tempranillo 2023 s&#8217;exprime pleinement sur des plats g\u00e9n\u00e9reux et savoureux. Il accompagnera avec bonheur un <strong>agneau r\u00f4ti aux herbes de Provence<\/strong>, un <strong>magret de canard<\/strong>, un <strong>tajine d&#8217;agneau aux pruneaux<\/strong> ou encore des <strong>fromages affin\u00e9s<\/strong> \u00e0 p\u00e2te press\u00e9e.<\/p>\n<hr class=\"border-border-200 border-t-0.5 my-3 mx-1.5\" \/>\n<p class=\"font-claude-response-body break-words whitespace-normal leading-[1.7]\"><strong>Commander le Tempranillo 2023<\/strong><\/p>\n<p class=\"font-claude-response-body break-words whitespace-normal leading-[1.7]\">Le Tempranillo 2023 est disponible d\u00e8s maintenant en boutique en ligne et directement au Domaine Les Amoureuses, \u00e0 Bourg-Saint-And\u00e9ol en Ard\u00e8che.<\/p>\n<p class=\"font-claude-response-body break-words whitespace-normal leading-[1.7]\"><a href=\"https:\/\/www.lesamoureuses.wine\/vins\/\"><strong>Commander la cuv\u00e9e<\/strong><\/a><\/p>\n<p class=\"font-claude-response-body break-words whitespace-normal leading-[1.7]\">Pour toute demande professionnelle (cavistes, restaurateurs, importateurs), contactez notre \u00e9quipe commerciale : <span data-markjs=\"true\" class=\"markhkeher7i3\" data-ogac=\"\" data-ogab=\"\" data-ogsc=\"\" data-ogsb=\"\" data-olk-copy-source=\"MessageBody\">contact<\/span><span>@lesamoureuses.wine<\/p>\n<p><\/span><\/p>\n\n\t\t<style type=\"text\/css\">\n\t\t\t#gallery-1 {\n\t\t\t\tmargin: auto;\n\t\t\t}\n\t\t\t#gallery-1 .gallery-item {\n\t\t\t\tfloat: left;\n\t\t\t\tmargin-top: 10px;\n\t\t\t\ttext-align: center;\n\t\t\t\twidth: 16%;\n\t\t\t}\n\t\t\t#gallery-1 img {\n\t\t\t\tborder: 2px solid #cfcfcf;\n\t\t\t}\n\t\t\t#gallery-1 .gallery-caption {\n\t\t\t\tmargin-left: 0;\n\t\t\t}\n\t\t\t\/* see gallery_shortcode() in wp-includes\/media.php *\/\n\t\t<\/style>\n\t\t<div id='gallery-1' class='gallery galleryid-4153 gallery-columns-6 gallery-size-medium'><dl class='gallery-item'>\n\t\t\t<dt class='gallery-icon portrait'>\n\t\t\t\t<a href='https:\/\/www.lesamoureuses.wine\/en\/mise-en-bouteille-tempranillo-2023-domaine-les-amoureuses-4-2\/'><img loading=\"lazy\" decoding=\"async\" width=\"200\" height=\"300\" src=\"https:\/\/www.lesamoureuses.wine\/wp-content\/uploads\/2026\/02\/Mise-en-bouteille-Tempranillo-2023-Domaine-Les-Amoureuses-4-scaled.jpg\" class=\"attachment-medium size-medium\" alt=\"\" srcset=\"https:\/\/www.lesamoureuses.wine\/wp-content\/uploads\/2026\/02\/Mise-en-bouteille-Tempranillo-2023-Domaine-Les-Amoureuses-4-scaled.jpg 1707w, https:\/\/www.lesamoureuses.wine\/wp-content\/uploads\/2026\/02\/Mise-en-bouteille-Tempranillo-2023-Domaine-Les-Amoureuses-4-450x675.jpg 450w\" sizes=\"auto, (max-width: 200px) 100vw, 200px\" \/><\/a>\n\t\t\t<\/dt><\/dl><dl class='gallery-item'>\n\t\t\t<dt class='gallery-icon portrait'>\n\t\t\t\t<a href='https:\/\/www.lesamoureuses.wine\/en\/mise-en-bouteille-tempranillo-2023-domaine-les-amoureuses-2\/'><img loading=\"lazy\" decoding=\"async\" width=\"200\" height=\"300\" src=\"https:\/\/www.lesamoureuses.wine\/wp-content\/uploads\/2026\/02\/Mise-en-bouteille-Tempranillo-2023-Domaine-Les-Amoureuses-scaled.jpg\" class=\"attachment-medium size-medium\" alt=\"\" srcset=\"https:\/\/www.lesamoureuses.wine\/wp-content\/uploads\/2026\/02\/Mise-en-bouteille-Tempranillo-2023-Domaine-Les-Amoureuses-scaled.jpg 1707w, https:\/\/www.lesamoureuses.wine\/wp-content\/uploads\/2026\/02\/Mise-en-bouteille-Tempranillo-2023-Domaine-Les-Amoureuses-450x675.jpg 450w\" sizes=\"auto, (max-width: 200px) 100vw, 200px\" \/><\/a>\n\t\t\t<\/dt><\/dl><dl class='gallery-item'>\n\t\t\t<dt class='gallery-icon portrait'>\n\t\t\t\t<a href='https:\/\/www.lesamoureuses.wine\/en\/mise-en-bouteille-tempranillo-2023-domaine-les-amoureuses-1-2\/'><img loading=\"lazy\" decoding=\"async\" width=\"200\" height=\"300\" src=\"https:\/\/www.lesamoureuses.wine\/wp-content\/uploads\/2026\/02\/Mise-en-bouteille-Tempranillo-2023-Domaine-Les-Amoureuses-1-scaled.jpg\" class=\"attachment-medium size-medium\" alt=\"\" srcset=\"https:\/\/www.lesamoureuses.wine\/wp-content\/uploads\/2026\/02\/Mise-en-bouteille-Tempranillo-2023-Domaine-Les-Amoureuses-1-scaled.jpg 1707w, https:\/\/www.lesamoureuses.wine\/wp-content\/uploads\/2026\/02\/Mise-en-bouteille-Tempranillo-2023-Domaine-Les-Amoureuses-1-450x675.jpg 450w\" sizes=\"auto, (max-width: 200px) 100vw, 200px\" \/><\/a>\n\t\t\t<\/dt><\/dl><dl class='gallery-item'>\n\t\t\t<dt class='gallery-icon portrait'>\n\t\t\t\t<a href='https:\/\/www.lesamoureuses.wine\/en\/mise-en-bouteille-tempranillo-2023-domaine-les-amoureuses-3-2\/'><img loading=\"lazy\" decoding=\"async\" width=\"200\" height=\"300\" src=\"https:\/\/www.lesamoureuses.wine\/wp-content\/uploads\/2026\/02\/Mise-en-bouteille-Tempranillo-2023-Domaine-Les-Amoureuses-3-scaled.jpg\" class=\"attachment-medium size-medium\" alt=\"\" srcset=\"https:\/\/www.lesamoureuses.wine\/wp-content\/uploads\/2026\/02\/Mise-en-bouteille-Tempranillo-2023-Domaine-Les-Amoureuses-3-scaled.jpg 1707w, https:\/\/www.lesamoureuses.wine\/wp-content\/uploads\/2026\/02\/Mise-en-bouteille-Tempranillo-2023-Domaine-Les-Amoureuses-3-450x675.jpg 450w\" sizes=\"auto, (max-width: 200px) 100vw, 200px\" \/><\/a>\n\t\t\t<\/dt><\/dl><dl class='gallery-item'>\n\t\t\t<dt class='gallery-icon portrait'>\n\t\t\t\t<a href='https:\/\/www.lesamoureuses.wine\/en\/mise-en-bouteille-tempranillo-2023-domaine-les-amoureuses-2-2\/'><img loading=\"lazy\" decoding=\"async\" width=\"200\" height=\"300\" src=\"https:\/\/www.lesamoureuses.wine\/wp-content\/uploads\/2026\/02\/Mise-en-bouteille-Tempranillo-2023-Domaine-Les-Amoureuses-2-scaled.jpg\" class=\"attachment-medium size-medium\" alt=\"\" srcset=\"https:\/\/www.lesamoureuses.wine\/wp-content\/uploads\/2026\/02\/Mise-en-bouteille-Tempranillo-2023-Domaine-Les-Amoureuses-2-scaled.jpg 1707w, https:\/\/www.lesamoureuses.wine\/wp-content\/uploads\/2026\/02\/Mise-en-bouteille-Tempranillo-2023-Domaine-Les-Amoureuses-2-450x675.jpg 450w\" sizes=\"auto, (max-width: 200px) 100vw, 200px\" \/><\/a>\n\t\t\t<\/dt><\/dl><dl class='gallery-item'>\n\t\t\t<dt class='gallery-icon portrait'>\n\t\t\t\t<a href='https:\/\/www.lesamoureuses.wine\/en\/mise-en-bouteille-tempranillo-2023-domaine-les-amoureuses-5-2\/'><img loading=\"lazy\" decoding=\"async\" width=\"200\" height=\"300\" src=\"https:\/\/www.lesamoureuses.wine\/wp-content\/uploads\/2026\/02\/Mise-en-bouteille-Tempranillo-2023-Domaine-Les-Amoureuses-5-scaled.jpg\" class=\"attachment-medium size-medium\" alt=\"\" srcset=\"https:\/\/www.lesamoureuses.wine\/wp-content\/uploads\/2026\/02\/Mise-en-bouteille-Tempranillo-2023-Domaine-Les-Amoureuses-5-scaled.jpg 1707w, https:\/\/www.lesamoureuses.wine\/wp-content\/uploads\/2026\/02\/Mise-en-bouteille-Tempranillo-2023-Domaine-Les-Amoureuses-5-450x675.jpg 450w\" sizes=\"auto, (max-width: 200px) 100vw, 200px\" \/><\/a>\n\t\t\t<\/dt><\/dl><br style=\"clear: both\" \/>\n\t\t<\/div>\n\n<p>&nbsp;<\/p>\n<p class=\"font-claude-response-body break-words whitespace-normal leading-[1.7]\"><span>\u00a0<\/span><\/p>\n","protected":false},"excerpt":{"rendered":"<p>Il y a des vins qui se font vite. Et puis il y a ceux qui prennent le temps qu&#8217;il faut. Le Tempranillo 2023 du Domaine Les Amoureuses appartient r\u00e9solument \u00e0 la seconde cat\u00e9gorie. N\u00e9 d&#8217;une vision plant\u00e9e en 2014, \u00e9lev\u00e9 deux ans en amphores et f\u00fbts de ch\u00eane fran\u00e7ais, il arrive aujourd&#8217;hui comme la [\u2026]<\/p>\n","protected":false},"author":959,"featured_media":4166,"comment_status":"closed","ping_status":"closed","sticky":false,"template":"","format":"standard","meta":{"_acf_changed":false,"inline_featured_image":false,"footnotes":""},"categories":[99,100],"tags":[],"class_list":["post-4153","post","type-post","status-publish","format-standard","has-post-thumbnail","hentry","category-actualite","category-evenement"],"acf":[],"yoast_head":"<!-- This site is optimized with the Yoast SEO plugin v27.5 - https:\/\/yoast.com\/product\/yoast-seo-wordpress\/ -->\n<title>Tempranillo 2023 : le nouveau vin biodynamique du Domaine Les Amoureuses en Ard\u00e8che - Les Amoureuses<\/title>\n<meta name=\"description\" content=\"D\u00e9couvrez le Tempranillo 2023, nouvelle cuv\u00e9e 100% Tempranillo du Domaine Les Amoureuses \u00e0 Bourg-Saint-And\u00e9ol. Un vin biologique et biodynamique \u00e9lev\u00e9 en amphores, n\u00e9 d&#039;un terroir d&#039;altitude unique en Ard\u00e8che.\" \/>\n<meta name=\"robots\" content=\"index, follow, max-snippet:-1, max-image-preview:large, max-video-preview:-1\" \/>\n<meta property=\"og:locale\" content=\"en_US\" \/>\n<meta property=\"og:type\" content=\"article\" \/>\n<meta property=\"og:title\" content=\"Tempranillo 2023 : le nouveau vin biodynamique du Domaine Les Amoureuses en Ard\u00e8che - Les Amoureuses\" \/>\n<meta property=\"og:description\" content=\"D\u00e9couvrez le Tempranillo 2023, nouvelle cuv\u00e9e 100% Tempranillo du Domaine Les Amoureuses \u00e0 Bourg-Saint-And\u00e9ol. Un vin biologique et biodynamique \u00e9lev\u00e9 en amphores, n\u00e9 d&#039;un terroir d&#039;altitude unique en Ard\u00e8che.\" \/>\n<meta property=\"og:url\" content=\"https:\/\/www.lesamoureuses.wine\/en\/tempranillo-2023-le-nouveau-vin-biodynamique-du-domaine-les-amoureuses-en-ardeche\/\" \/>\n<meta property=\"og:site_name\" content=\"Les Amoureuses\" \/>\n<meta property=\"article:published_time\" content=\"2026-03-02T08:00:00+00:00\" \/>\n<meta property=\"og:image\" content=\"https:\/\/www.lesamoureuses.wine\/wp-content\/uploads\/2026\/02\/02_Teasing-Tempranillo-1024x683.png\" \/>\n\t<meta property=\"og:image:width\" content=\"1024\" \/>\n\t<meta property=\"og:image:height\" content=\"683\" \/>\n\t<meta property=\"og:image:type\" content=\"image\/png\" \/>\n<meta name=\"author\" content=\"Fanny Margerie\" \/>\n<meta name=\"twitter:card\" content=\"summary_large_image\" \/>\n<meta name=\"twitter:label1\" content=\"Written by\" \/>\n\t<meta name=\"twitter:data1\" content=\"Fanny Margerie\" \/>\n\t<meta name=\"twitter:label2\" content=\"Est. reading time\" \/>\n\t<meta name=\"twitter:data2\" content=\"3 minutes\" \/>\n<script type=\"application\/ld+json\" class=\"yoast-schema-graph\">{\"@context\":\"https:\\\/\\\/schema.org\",\"@graph\":[{\"@type\":\"Article\",\"@id\":\"https:\\\/\\\/www.lesamoureuses.wine\\\/en\\\/tempranillo-2023-le-nouveau-vin-biodynamique-du-domaine-les-amoureuses-en-ardeche\\\/#article\",\"isPartOf\":{\"@id\":\"https:\\\/\\\/www.lesamoureuses.wine\\\/en\\\/tempranillo-2023-le-nouveau-vin-biodynamique-du-domaine-les-amoureuses-en-ardeche\\\/\"},\"author\":{\"name\":\"Fanny Margerie\",\"@id\":\"https:\\\/\\\/www.lesamoureuses.wine\\\/en\\\/#\\\/schema\\\/person\\\/35fe34e127ea7ab7211e52e2229cc65a\"},\"headline\":\"Tempranillo 2023 : le nouveau vin biodynamique du Domaine Les Amoureuses en Ard\u00e8che\",\"datePublished\":\"2026-03-02T08:00:00+00:00\",\"mainEntityOfPage\":{\"@id\":\"https:\\\/\\\/www.lesamoureuses.wine\\\/en\\\/tempranillo-2023-le-nouveau-vin-biodynamique-du-domaine-les-amoureuses-en-ardeche\\\/\"},\"wordCount\":618,\"publisher\":{\"@id\":\"https:\\\/\\\/www.lesamoureuses.wine\\\/en\\\/#organization\"},\"image\":{\"@id\":\"https:\\\/\\\/www.lesamoureuses.wine\\\/en\\\/tempranillo-2023-le-nouveau-vin-biodynamique-du-domaine-les-amoureuses-en-ardeche\\\/#primaryimage\"},\"thumbnailUrl\":\"https:\\\/\\\/www.lesamoureuses.wine\\\/wp-content\\\/uploads\\\/2026\\\/02\\\/02_Teasing-Tempranillo.png\",\"articleSection\":[\"Actualit\u00e9\",\"Ev\u00e8nement\"],\"inLanguage\":\"en-US\"},{\"@type\":\"WebPage\",\"@id\":\"https:\\\/\\\/www.lesamoureuses.wine\\\/en\\\/tempranillo-2023-le-nouveau-vin-biodynamique-du-domaine-les-amoureuses-en-ardeche\\\/\",\"url\":\"https:\\\/\\\/www.lesamoureuses.wine\\\/en\\\/tempranillo-2023-le-nouveau-vin-biodynamique-du-domaine-les-amoureuses-en-ardeche\\\/\",\"name\":\"Tempranillo 2023 : le nouveau vin biodynamique du Domaine Les Amoureuses en Ard\u00e8che - Les Amoureuses\",\"isPartOf\":{\"@id\":\"https:\\\/\\\/www.lesamoureuses.wine\\\/en\\\/#website\"},\"primaryImageOfPage\":{\"@id\":\"https:\\\/\\\/www.lesamoureuses.wine\\\/en\\\/tempranillo-2023-le-nouveau-vin-biodynamique-du-domaine-les-amoureuses-en-ardeche\\\/#primaryimage\"},\"image\":{\"@id\":\"https:\\\/\\\/www.lesamoureuses.wine\\\/en\\\/tempranillo-2023-le-nouveau-vin-biodynamique-du-domaine-les-amoureuses-en-ardeche\\\/#primaryimage\"},\"thumbnailUrl\":\"https:\\\/\\\/www.lesamoureuses.wine\\\/wp-content\\\/uploads\\\/2026\\\/02\\\/02_Teasing-Tempranillo.png\",\"datePublished\":\"2026-03-02T08:00:00+00:00\",\"description\":\"D\u00e9couvrez le Tempranillo 2023, nouvelle cuv\u00e9e 100% Tempranillo du Domaine Les Amoureuses \u00e0 Bourg-Saint-And\u00e9ol. Un vin biologique et biodynamique \u00e9lev\u00e9 en amphores, n\u00e9 d'un terroir d'altitude unique en Ard\u00e8che.\",\"breadcrumb\":{\"@id\":\"https:\\\/\\\/www.lesamoureuses.wine\\\/en\\\/tempranillo-2023-le-nouveau-vin-biodynamique-du-domaine-les-amoureuses-en-ardeche\\\/#breadcrumb\"},\"inLanguage\":\"en-US\",\"potentialAction\":[{\"@type\":\"ReadAction\",\"target\":[\"https:\\\/\\\/www.lesamoureuses.wine\\\/en\\\/tempranillo-2023-le-nouveau-vin-biodynamique-du-domaine-les-amoureuses-en-ardeche\\\/\"]}]},{\"@type\":\"ImageObject\",\"inLanguage\":\"en-US\",\"@id\":\"https:\\\/\\\/www.lesamoureuses.wine\\\/en\\\/tempranillo-2023-le-nouveau-vin-biodynamique-du-domaine-les-amoureuses-en-ardeche\\\/#primaryimage\",\"url\":\"https:\\\/\\\/www.lesamoureuses.wine\\\/wp-content\\\/uploads\\\/2026\\\/02\\\/02_Teasing-Tempranillo.png\",\"contentUrl\":\"https:\\\/\\\/www.lesamoureuses.wine\\\/wp-content\\\/uploads\\\/2026\\\/02\\\/02_Teasing-Tempranillo.png\",\"width\":4823,\"height\":3216},{\"@type\":\"BreadcrumbList\",\"@id\":\"https:\\\/\\\/www.lesamoureuses.wine\\\/en\\\/tempranillo-2023-le-nouveau-vin-biodynamique-du-domaine-les-amoureuses-en-ardeche\\\/#breadcrumb\",\"itemListElement\":[{\"@type\":\"ListItem\",\"position\":1,\"name\":\"Home\",\"item\":\"https:\\\/\\\/www.lesamoureuses.wine\\\/en\\\/\"},{\"@type\":\"ListItem\",\"position\":2,\"name\":\"Tempranillo 2023 : le nouveau vin biodynamique du Domaine Les Amoureuses en Ard\u00e8che\"}]},{\"@type\":\"WebSite\",\"@id\":\"https:\\\/\\\/www.lesamoureuses.wine\\\/en\\\/#website\",\"url\":\"https:\\\/\\\/www.lesamoureuses.wine\\\/en\\\/\",\"name\":\"Les Amoureuses\",\"description\":\"\",\"publisher\":{\"@id\":\"https:\\\/\\\/www.lesamoureuses.wine\\\/en\\\/#organization\"},\"potentialAction\":[{\"@type\":\"SearchAction\",\"target\":{\"@type\":\"EntryPoint\",\"urlTemplate\":\"https:\\\/\\\/www.lesamoureuses.wine\\\/en\\\/?s={search_term_string}\"},\"query-input\":{\"@type\":\"PropertyValueSpecification\",\"valueRequired\":true,\"valueName\":\"search_term_string\"}}],\"inLanguage\":\"en-US\"},{\"@type\":\"Organization\",\"@id\":\"https:\\\/\\\/www.lesamoureuses.wine\\\/en\\\/#organization\",\"name\":\"Domaine Les Amoureuses\",\"url\":\"https:\\\/\\\/www.lesamoureuses.wine\\\/en\\\/\",\"logo\":{\"@type\":\"ImageObject\",\"inLanguage\":\"en-US\",\"@id\":\"https:\\\/\\\/www.lesamoureuses.wine\\\/en\\\/#\\\/schema\\\/logo\\\/image\\\/\",\"url\":\"https:\\\/\\\/www.lesamoureuses.wine\\\/wp-content\\\/uploads\\\/2023\\\/08\\\/LOGO_AMOUREUSES-F.jpg\",\"contentUrl\":\"https:\\\/\\\/www.lesamoureuses.wine\\\/wp-content\\\/uploads\\\/2023\\\/08\\\/LOGO_AMOUREUSES-F.jpg\",\"width\":2339,\"height\":1654,\"caption\":\"Domaine Les Amoureuses\"},\"image\":{\"@id\":\"https:\\\/\\\/www.lesamoureuses.wine\\\/en\\\/#\\\/schema\\\/logo\\\/image\\\/\"}},{\"@type\":\"Person\",\"@id\":\"https:\\\/\\\/www.lesamoureuses.wine\\\/en\\\/#\\\/schema\\\/person\\\/35fe34e127ea7ab7211e52e2229cc65a\",\"name\":\"Fanny Margerie\",\"image\":{\"@type\":\"ImageObject\",\"inLanguage\":\"en-US\",\"@id\":\"https:\\\/\\\/secure.gravatar.com\\\/avatar\\\/57bb1ef2bbb7bd318efccfe85ae6a28aec99389ce8123046890acbfe7ab82fac?s=96&d=mm&r=g\",\"url\":\"https:\\\/\\\/secure.gravatar.com\\\/avatar\\\/57bb1ef2bbb7bd318efccfe85ae6a28aec99389ce8123046890acbfe7ab82fac?s=96&d=mm&r=g\",\"contentUrl\":\"https:\\\/\\\/secure.gravatar.com\\\/avatar\\\/57bb1ef2bbb7bd318efccfe85ae6a28aec99389ce8123046890acbfe7ab82fac?s=96&d=mm&r=g\",\"caption\":\"Fanny Margerie\"}}]}<\/script>\n<!-- \/ Yoast SEO plugin. -->","yoast_head_json":{"title":"Tempranillo 2023 : le nouveau vin biodynamique du Domaine Les Amoureuses en Ard\u00e8che - Les Amoureuses","description":"D\u00e9couvrez le Tempranillo 2023, nouvelle cuv\u00e9e 100% Tempranillo du Domaine Les Amoureuses \u00e0 Bourg-Saint-And\u00e9ol. Un vin biologique et biodynamique \u00e9lev\u00e9 en amphores, n\u00e9 d'un terroir d'altitude unique en Ard\u00e8che.","robots":{"index":"index","follow":"follow","max-snippet":"max-snippet:-1","max-image-preview":"max-image-preview:large","max-video-preview":"max-video-preview:-1"},"og_locale":"en_US","og_type":"article","og_title":"Tempranillo 2023 : le nouveau vin biodynamique du Domaine Les Amoureuses en Ard\u00e8che - Les Amoureuses","og_description":"D\u00e9couvrez le Tempranillo 2023, nouvelle cuv\u00e9e 100% Tempranillo du Domaine Les Amoureuses \u00e0 Bourg-Saint-And\u00e9ol. Un vin biologique et biodynamique \u00e9lev\u00e9 en amphores, n\u00e9 d'un terroir d'altitude unique en Ard\u00e8che.","og_url":"https:\/\/www.lesamoureuses.wine\/en\/tempranillo-2023-le-nouveau-vin-biodynamique-du-domaine-les-amoureuses-en-ardeche\/","og_site_name":"Les Amoureuses","article_published_time":"2026-03-02T08:00:00+00:00","og_image":[{"width":1024,"height":683,"url":"https:\/\/www.lesamoureuses.wine\/wp-content\/uploads\/2026\/02\/02_Teasing-Tempranillo-1024x683.png","type":"image\/png"}],"author":"Fanny Margerie","twitter_card":"summary_large_image","twitter_misc":{"Written by":"Fanny Margerie","Est. reading time":"3 minutes"},"schema":{"@context":"https:\/\/schema.org","@graph":[{"@type":"Article","@id":"https:\/\/www.lesamoureuses.wine\/en\/tempranillo-2023-le-nouveau-vin-biodynamique-du-domaine-les-amoureuses-en-ardeche\/#article","isPartOf":{"@id":"https:\/\/www.lesamoureuses.wine\/en\/tempranillo-2023-le-nouveau-vin-biodynamique-du-domaine-les-amoureuses-en-ardeche\/"},"author":{"name":"Fanny Margerie","@id":"https:\/\/www.lesamoureuses.wine\/en\/#\/schema\/person\/35fe34e127ea7ab7211e52e2229cc65a"},"headline":"Tempranillo 2023 : le nouveau vin biodynamique du Domaine Les Amoureuses en Ard\u00e8che","datePublished":"2026-03-02T08:00:00+00:00","mainEntityOfPage":{"@id":"https:\/\/www.lesamoureuses.wine\/en\/tempranillo-2023-le-nouveau-vin-biodynamique-du-domaine-les-amoureuses-en-ardeche\/"},"wordCount":618,"publisher":{"@id":"https:\/\/www.lesamoureuses.wine\/en\/#organization"},"image":{"@id":"https:\/\/www.lesamoureuses.wine\/en\/tempranillo-2023-le-nouveau-vin-biodynamique-du-domaine-les-amoureuses-en-ardeche\/#primaryimage"},"thumbnailUrl":"https:\/\/www.lesamoureuses.wine\/wp-content\/uploads\/2026\/02\/02_Teasing-Tempranillo.png","articleSection":["Actualit\u00e9","Ev\u00e8nement"],"inLanguage":"en-US"},{"@type":"WebPage","@id":"https:\/\/www.lesamoureuses.wine\/en\/tempranillo-2023-le-nouveau-vin-biodynamique-du-domaine-les-amoureuses-en-ardeche\/","url":"https:\/\/www.lesamoureuses.wine\/en\/tempranillo-2023-le-nouveau-vin-biodynamique-du-domaine-les-amoureuses-en-ardeche\/","name":"Tempranillo 2023 : le nouveau vin biodynamique du Domaine Les Amoureuses en Ard\u00e8che - Les Amoureuses","isPartOf":{"@id":"https:\/\/www.lesamoureuses.wine\/en\/#website"},"primaryImageOfPage":{"@id":"https:\/\/www.lesamoureuses.wine\/en\/tempranillo-2023-le-nouveau-vin-biodynamique-du-domaine-les-amoureuses-en-ardeche\/#primaryimage"},"image":{"@id":"https:\/\/www.lesamoureuses.wine\/en\/tempranillo-2023-le-nouveau-vin-biodynamique-du-domaine-les-amoureuses-en-ardeche\/#primaryimage"},"thumbnailUrl":"https:\/\/www.lesamoureuses.wine\/wp-content\/uploads\/2026\/02\/02_Teasing-Tempranillo.png","datePublished":"2026-03-02T08:00:00+00:00","description":"D\u00e9couvrez le Tempranillo 2023, nouvelle cuv\u00e9e 100% Tempranillo du Domaine Les Amoureuses \u00e0 Bourg-Saint-And\u00e9ol. Un vin biologique et biodynamique \u00e9lev\u00e9 en amphores, n\u00e9 d'un terroir d'altitude unique en Ard\u00e8che.","breadcrumb":{"@id":"https:\/\/www.lesamoureuses.wine\/en\/tempranillo-2023-le-nouveau-vin-biodynamique-du-domaine-les-amoureuses-en-ardeche\/#breadcrumb"},"inLanguage":"en-US","potentialAction":[{"@type":"ReadAction","target":["https:\/\/www.lesamoureuses.wine\/en\/tempranillo-2023-le-nouveau-vin-biodynamique-du-domaine-les-amoureuses-en-ardeche\/"]}]},{"@type":"ImageObject","inLanguage":"en-US","@id":"https:\/\/www.lesamoureuses.wine\/en\/tempranillo-2023-le-nouveau-vin-biodynamique-du-domaine-les-amoureuses-en-ardeche\/#primaryimage","url":"https:\/\/www.lesamoureuses.wine\/wp-content\/uploads\/2026\/02\/02_Teasing-Tempranillo.png","contentUrl":"https:\/\/www.lesamoureuses.wine\/wp-content\/uploads\/2026\/02\/02_Teasing-Tempranillo.png","width":4823,"height":3216},{"@type":"BreadcrumbList","@id":"https:\/\/www.lesamoureuses.wine\/en\/tempranillo-2023-le-nouveau-vin-biodynamique-du-domaine-les-amoureuses-en-ardeche\/#breadcrumb","itemListElement":[{"@type":"ListItem","position":1,"name":"Home","item":"https:\/\/www.lesamoureuses.wine\/en\/"},{"@type":"ListItem","position":2,"name":"Tempranillo 2023 : le nouveau vin biodynamique du Domaine Les Amoureuses en Ard\u00e8che"}]},{"@type":"WebSite","@id":"https:\/\/www.lesamoureuses.wine\/en\/#website","url":"https:\/\/www.lesamoureuses.wine\/en\/","name":"Les Amoureuses","description":"","publisher":{"@id":"https:\/\/www.lesamoureuses.wine\/en\/#organization"},"potentialAction":[{"@type":"SearchAction","target":{"@type":"EntryPoint","urlTemplate":"https:\/\/www.lesamoureuses.wine\/en\/?s={search_term_string}"},"query-input":{"@type":"PropertyValueSpecification","valueRequired":true,"valueName":"search_term_string"}}],"inLanguage":"en-US"},{"@type":"Organization","@id":"https:\/\/www.lesamoureuses.wine\/en\/#organization","name":"Domaine Les Amoureuses","url":"https:\/\/www.lesamoureuses.wine\/en\/","logo":{"@type":"ImageObject","inLanguage":"en-US","@id":"https:\/\/www.lesamoureuses.wine\/en\/#\/schema\/logo\/image\/","url":"https:\/\/www.lesamoureuses.wine\/wp-content\/uploads\/2023\/08\/LOGO_AMOUREUSES-F.jpg","contentUrl":"https:\/\/www.lesamoureuses.wine\/wp-content\/uploads\/2023\/08\/LOGO_AMOUREUSES-F.jpg","width":2339,"height":1654,"caption":"Domaine Les Amoureuses"},"image":{"@id":"https:\/\/www.lesamoureuses.wine\/en\/#\/schema\/logo\/image\/"}},{"@type":"Person","@id":"https:\/\/www.lesamoureuses.wine\/en\/#\/schema\/person\/35fe34e127ea7ab7211e52e2229cc65a","name":"Fanny Margerie","image":{"@type":"ImageObject","inLanguage":"en-US","@id":"https:\/\/secure.gravatar.com\/avatar\/57bb1ef2bbb7bd318efccfe85ae6a28aec99389ce8123046890acbfe7ab82fac?s=96&d=mm&r=g","url":"https:\/\/secure.gravatar.com\/avatar\/57bb1ef2bbb7bd318efccfe85ae6a28aec99389ce8123046890acbfe7ab82fac?s=96&d=mm&r=g","contentUrl":"https:\/\/secure.gravatar.com\/avatar\/57bb1ef2bbb7bd318efccfe85ae6a28aec99389ce8123046890acbfe7ab82fac?s=96&d=mm&r=g","caption":"Fanny Margerie"}}]}},"_links":{"self":[{"href":"https:\/\/www.lesamoureuses.wine\/en\/wp-json\/wp\/v2\/posts\/4153","targetHints":{"allow":["GET"]}}],"collection":[{"href":"https:\/\/www.lesamoureuses.wine\/en\/wp-json\/wp\/v2\/posts"}],"about":[{"href":"https:\/\/www.lesamoureuses.wine\/en\/wp-json\/wp\/v2\/types\/post"}],"author":[{"embeddable":true,"href":"https:\/\/www.lesamoureuses.wine\/en\/wp-json\/wp\/v2\/users\/959"}],"replies":[{"embeddable":true,"href":"https:\/\/www.lesamoureuses.wine\/en\/wp-json\/wp\/v2\/comments?post=4153"}],"version-history":[{"count":2,"href":"https:\/\/www.lesamoureuses.wine\/en\/wp-json\/wp\/v2\/posts\/4153\/revisions"}],"predecessor-version":[{"id":4169,"href":"https:\/\/www.lesamoureuses.wine\/en\/wp-json\/wp\/v2\/posts\/4153\/revisions\/4169"}],"wp:featuredmedia":[{"embeddable":true,"href":"https:\/\/www.lesamoureuses.wine\/en\/wp-json\/wp\/v2\/media\/4166"}],"wp:attachment":[{"href":"https:\/\/www.lesamoureuses.wine\/en\/wp-json\/wp\/v2\/media?parent=4153"}],"wp:term":[{"taxonomy":"category","embeddable":true,"href":"https:\/\/www.lesamoureuses.wine\/en\/wp-json\/wp\/v2\/categories?post=4153"},{"taxonomy":"post_tag","embeddable":true,"href":"https:\/\/www.lesamoureuses.wine\/en\/wp-json\/wp\/v2\/tags?post=4153"}],"curies":[{"name":"wp","href":"https:\/\/api.w.org\/{rel}","templated":true}]}}