{"id":3540,"date":"2025-04-29T13:33:08","date_gmt":"2025-04-29T13:33:08","guid":{"rendered":"https:\/\/www.lesamoureuses.wine\/?p=3540"},"modified":"2025-04-29T13:33:56","modified_gmt":"2025-04-29T13:33:56","slug":"soiree-gastronomique-au-domaine-les-amoureuses-un-diner-etoile-au-coeur-des-vignes-en-ardeche","status":"publish","type":"post","link":"https:\/\/www.lesamoureuses.wine\/en\/soiree-gastronomique-au-domaine-les-amoureuses-un-diner-etoile-au-coeur-des-vignes-en-ardeche\/","title":{"rendered":"Soir\u00e9e gastronomique au Domaine Les Amoureuses : un d\u00eener \u00e9toil\u00e9 au c\u0153ur des vignes en Ard\u00e8che"},"content":{"rendered":"<p>Un rendez-vous gourmand entre vins d\u2019exception et cuisine \u00e9toil\u00e9e<\/p>\n<p>Le Domaine Les Amoureuses, situ\u00e9 \u00e0 Bourg-Saint-And\u00e9ol en Ard\u00e8che, vous invite \u00e0 vivre une soir\u00e9e gastronomique exclusive le<strong> samedi 24 mai 2025<\/strong>. Dans un cadre authentique et raffin\u00e9, profitez d\u2019un d\u00eener \u00e9toil\u00e9 en accords mets et vins, orchestr\u00e9 par le<strong> Directeur-Chef du Domaine du Colombier, Johan Thyriot<\/strong>.<br \/>\n<!--more--><\/p>\n<h2>Un programme immersif au c\u0153ur du vignoble<\/h2>\n<p>D\u00e8s <strong>19h00<\/strong>, les convives seront accueillis pour une <strong>visite guid\u00e9e des caves du domaine<\/strong>, l\u2019occasion de d\u00e9couvrir les secrets de vinification et d\u2019\u00e9levage de nos cuv\u00e9es.<\/p>\n<p>\u00c0 <strong>19h30<\/strong>, place \u00e0 un <strong>ap\u00e9ritif<\/strong> au c\u0153ur des vignes, accompagn\u00e9 de mises en bouche originales : royal de foie gras, profiterole de truite, cookies d\u2019olive &amp; Picodon. Un pr\u00e9lude gourmand annon\u00e7ant une exp\u00e9rience culinaire rare.<\/p>\n<h2>Un d\u00eener gastronomique en cinq temps sign\u00e9 Johan Thyriot<\/h2>\n<p>\u00c0<strong> 20h30<\/strong>, les tables s\u2019animent autour d\u2019un <strong>menu en 5 services<\/strong>, imagin\u00e9 pour accompagner les vins du domaine Les Amoureuses. Chaque plat a \u00e9t\u00e9 pens\u00e9 en accord avec nos cuv\u00e9es s\u00e9lectionn\u00e9es, pour un voyage sensoriel complet :<\/p>\n<ol>\n<li><strong>Entr\u00e9e : Asperge verte \/ Gingembre \/ Tanaisie \/ Curry breton<\/strong><\/li>\n<li><strong>Poisson : Dorade grise \/ Concombre \/ Tag\u00e8te \/ Baies de Bataks<\/strong><\/li>\n<li><strong>Viande : Pintade \/ Vanille \/ Baies de Szechuan vert<\/strong><\/li>\n<li><strong>Fromages : S\u00e9lection locale en accord avec nos vins<\/strong><\/li>\n<li><strong>Dessert : Tarte aux fraises \/ Cr\u00e8me diplomate \/ Baies du Bhoutan<\/strong><\/li>\n<\/ol>\n<p>Le pain, le fromage, le caf\u00e9\/th\u00e9 sont soigneusement s\u00e9lectionn\u00e9s par notre \u00e9quipe, en parfaite coh\u00e9rence avec l&#8217;identit\u00e9 du repas.<\/p>\n<h2>Informations pratiques<\/h2>\n<ul>\n<li>\ud83d\udccd <strong>Lieu<\/strong> : Domaine Les Amoureuses \u2013 Bourg-Saint-And\u00e9ol (Ard\u00e8che)<\/li>\n<li>\ud83d\udcc5 <strong>Date<\/strong> : Samedi 24 mai 2025 \u2013 de 19h \u00e0 23h<\/li>\n<li>\ud83d\udcb6 <strong>Tarif<\/strong> : 80\u20ac par personne, tout inclus<\/li>\n<li>\ud83d\udcde<strong> R\u00e9servation obligatoire avant le 17 mai 2025<\/strong> au 04 75 54 51 85 ou ici <a href=\"https:\/\/www.lesamoureuses.wine\/oenotourisme\/\">https:\/\/www.lesamoureuses.wine\/oenotourisme\/<\/a><\/li>\n<li>\ud83d\udc65 Nombre de places limit\u00e9 : <strong>120 convives maximum<\/strong><\/li>\n<li>\ud83d\udc57 <strong>Tenue sugg\u00e9r\u00e9e : Chic et d\u00e9contract\u00e9e<\/strong><\/li>\n<li><strong>\ud83c\udf77 Vins d\u00e9gust\u00e9s disponibles \u00e0 la vente sur place<\/strong><\/li>\n<\/ul>\n<h2>Pourquoi participer \u00e0 cette soir\u00e9e ?<\/h2>\n<p>Cette soir\u00e9e gastronomique au Domaine Les Amoureuses est plus qu\u2019un d\u00eener : c\u2019est une<strong> exp\u00e9rience \u0153no-gastronomique immersive<\/strong>, id\u00e9ale pour les amateurs de vin, les passionn\u00e9s de cuisine et les \u00e9picuriens en qu\u00eate d\u2019authenticit\u00e9.<\/p>\n<p>L\u2019\u00e9dition 2025 s\u2019inscrit dans la lign\u00e9e de la<strong> Soir\u00e9e Blanche<\/strong>, \u00e9v\u00e9nement phare du domaine. L\u2019objectif ? Cr\u00e9er une rencontre entre la vigne, le terroir et la haute gastronomie, dans une ambiance chaleureuse et festive.<\/p>\n<h2>R\u00e9servez votre place d\u00e8s maintenant<\/h2>\n<p>Les inscriptions sont d\u00e9sormais ouvertes. Les places \u00e9tant limit\u00e9es \u00e0 120 convives, il est conseill\u00e9 de r\u00e9server sans attendre.<\/p>\n<p>\ud83d\udc49 R\u00e9servation par t\u00e9l\u00e9phone au 04 75 54 51 85<br \/>\n\ud83d\udce8 Ou via notre site : <a href=\"https:\/\/www.lesamoureuses.wine\/oenotourisme\/\">https:\/\/www.lesamoureuses.wine\/oenotourisme\/<\/a><\/p>\n","protected":false},"excerpt":{"rendered":"<p>Un rendez-vous gourmand entre vins d\u2019exception et cuisine \u00e9toil\u00e9e Le Domaine Les Amoureuses, situ\u00e9 \u00e0 Bourg-Saint-And\u00e9ol en Ard\u00e8che, vous invite \u00e0 vivre une soir\u00e9e gastronomique exclusive le samedi 24 mai 2025. Dans un cadre authentique et raffin\u00e9, profitez d\u2019un d\u00eener \u00e9toil\u00e9 en accords mets et vins, orchestr\u00e9 par le Directeur-Chef du Domaine du Colombier, Johan [\u2026]<\/p>\n","protected":false},"author":959,"featured_media":3538,"comment_status":"closed","ping_status":"closed","sticky":false,"template":"","format":"standard","meta":{"_acf_changed":false,"inline_featured_image":false,"footnotes":""},"categories":[99,100],"tags":[],"class_list":["post-3540","post","type-post","status-publish","format-standard","has-post-thumbnail","hentry","category-actualite","category-evenement"],"acf":[],"yoast_head":"<!-- This site is optimized with the Yoast SEO plugin v27.5 - https:\/\/yoast.com\/product\/yoast-seo-wordpress\/ -->\n<title>Soir\u00e9e gastronomique au Domaine Les Amoureuses : un d\u00eener \u00e9toil\u00e9 au c\u0153ur des vignes en Ard\u00e8che - Les Amoureuses<\/title>\n<meta name=\"description\" content=\"Participez \u00e0 une soir\u00e9e gastronomique d\u2019exception au Domaine Les Amoureuses, le 24 mai 2025, avec un d\u00eener \u00e9toil\u00e9 sign\u00e9 Johan Thyriot.\" \/>\n<meta name=\"robots\" content=\"index, follow, max-snippet:-1, max-image-preview:large, max-video-preview:-1\" \/>\n<meta property=\"og:locale\" content=\"en_US\" \/>\n<meta property=\"og:type\" content=\"article\" \/>\n<meta property=\"og:title\" content=\"Soir\u00e9e gastronomique au Domaine Les Amoureuses : un d\u00eener \u00e9toil\u00e9 au c\u0153ur des vignes en Ard\u00e8che - Les Amoureuses\" \/>\n<meta property=\"og:description\" content=\"Participez \u00e0 une soir\u00e9e gastronomique d\u2019exception au Domaine Les Amoureuses, le 24 mai 2025, avec un d\u00eener \u00e9toil\u00e9 sign\u00e9 Johan Thyriot.\" \/>\n<meta property=\"og:url\" content=\"https:\/\/www.lesamoureuses.wine\/en\/soiree-gastronomique-au-domaine-les-amoureuses-un-diner-etoile-au-coeur-des-vignes-en-ardeche\/\" \/>\n<meta property=\"og:site_name\" content=\"Les Amoureuses\" \/>\n<meta property=\"article:published_time\" content=\"2025-04-29T13:33:08+00:00\" \/>\n<meta property=\"article:modified_time\" content=\"2025-04-29T13:33:56+00:00\" \/>\n<meta property=\"og:image\" content=\"https:\/\/www.lesamoureuses.wine\/wp-content\/uploads\/2025\/04\/soiree-blanche-4.jpg\" \/>\n\t<meta property=\"og:image:width\" content=\"2000\" \/>\n\t<meta property=\"og:image:height\" content=\"2000\" \/>\n\t<meta property=\"og:image:type\" content=\"image\/jpeg\" \/>\n<meta name=\"author\" content=\"Fanny Margerie\" \/>\n<meta name=\"twitter:card\" content=\"summary_large_image\" \/>\n<meta name=\"twitter:label1\" content=\"Written by\" \/>\n\t<meta name=\"twitter:data1\" content=\"Fanny Margerie\" \/>\n\t<meta name=\"twitter:label2\" content=\"Est. reading time\" \/>\n\t<meta name=\"twitter:data2\" content=\"3 minutes\" \/>\n<script type=\"application\/ld+json\" class=\"yoast-schema-graph\">{\"@context\":\"https:\\\/\\\/schema.org\",\"@graph\":[{\"@type\":\"Article\",\"@id\":\"https:\\\/\\\/www.lesamoureuses.wine\\\/en\\\/soiree-gastronomique-au-domaine-les-amoureuses-un-diner-etoile-au-coeur-des-vignes-en-ardeche\\\/#article\",\"isPartOf\":{\"@id\":\"https:\\\/\\\/www.lesamoureuses.wine\\\/en\\\/soiree-gastronomique-au-domaine-les-amoureuses-un-diner-etoile-au-coeur-des-vignes-en-ardeche\\\/\"},\"author\":{\"name\":\"Fanny Margerie\",\"@id\":\"https:\\\/\\\/www.lesamoureuses.wine\\\/en\\\/#\\\/schema\\\/person\\\/35fe34e127ea7ab7211e52e2229cc65a\"},\"headline\":\"Soir\u00e9e gastronomique au Domaine Les Amoureuses : un d\u00eener \u00e9toil\u00e9 au c\u0153ur des vignes en Ard\u00e8che\",\"datePublished\":\"2025-04-29T13:33:08+00:00\",\"dateModified\":\"2025-04-29T13:33:56+00:00\",\"mainEntityOfPage\":{\"@id\":\"https:\\\/\\\/www.lesamoureuses.wine\\\/en\\\/soiree-gastronomique-au-domaine-les-amoureuses-un-diner-etoile-au-coeur-des-vignes-en-ardeche\\\/\"},\"wordCount\":460,\"publisher\":{\"@id\":\"https:\\\/\\\/www.lesamoureuses.wine\\\/en\\\/#organization\"},\"image\":{\"@id\":\"https:\\\/\\\/www.lesamoureuses.wine\\\/en\\\/soiree-gastronomique-au-domaine-les-amoureuses-un-diner-etoile-au-coeur-des-vignes-en-ardeche\\\/#primaryimage\"},\"thumbnailUrl\":\"https:\\\/\\\/www.lesamoureuses.wine\\\/wp-content\\\/uploads\\\/2025\\\/04\\\/soiree-blanche-4.jpg\",\"articleSection\":[\"Actualit\u00e9\",\"Ev\u00e8nement\"],\"inLanguage\":\"en-US\"},{\"@type\":\"WebPage\",\"@id\":\"https:\\\/\\\/www.lesamoureuses.wine\\\/en\\\/soiree-gastronomique-au-domaine-les-amoureuses-un-diner-etoile-au-coeur-des-vignes-en-ardeche\\\/\",\"url\":\"https:\\\/\\\/www.lesamoureuses.wine\\\/en\\\/soiree-gastronomique-au-domaine-les-amoureuses-un-diner-etoile-au-coeur-des-vignes-en-ardeche\\\/\",\"name\":\"Soir\u00e9e gastronomique au Domaine Les Amoureuses : un d\u00eener \u00e9toil\u00e9 au c\u0153ur des vignes en Ard\u00e8che - Les Amoureuses\",\"isPartOf\":{\"@id\":\"https:\\\/\\\/www.lesamoureuses.wine\\\/en\\\/#website\"},\"primaryImageOfPage\":{\"@id\":\"https:\\\/\\\/www.lesamoureuses.wine\\\/en\\\/soiree-gastronomique-au-domaine-les-amoureuses-un-diner-etoile-au-coeur-des-vignes-en-ardeche\\\/#primaryimage\"},\"image\":{\"@id\":\"https:\\\/\\\/www.lesamoureuses.wine\\\/en\\\/soiree-gastronomique-au-domaine-les-amoureuses-un-diner-etoile-au-coeur-des-vignes-en-ardeche\\\/#primaryimage\"},\"thumbnailUrl\":\"https:\\\/\\\/www.lesamoureuses.wine\\\/wp-content\\\/uploads\\\/2025\\\/04\\\/soiree-blanche-4.jpg\",\"datePublished\":\"2025-04-29T13:33:08+00:00\",\"dateModified\":\"2025-04-29T13:33:56+00:00\",\"description\":\"Participez \u00e0 une soir\u00e9e gastronomique d\u2019exception au Domaine Les Amoureuses, le 24 mai 2025, avec un d\u00eener \u00e9toil\u00e9 sign\u00e9 Johan Thyriot.\",\"breadcrumb\":{\"@id\":\"https:\\\/\\\/www.lesamoureuses.wine\\\/en\\\/soiree-gastronomique-au-domaine-les-amoureuses-un-diner-etoile-au-coeur-des-vignes-en-ardeche\\\/#breadcrumb\"},\"inLanguage\":\"en-US\",\"potentialAction\":[{\"@type\":\"ReadAction\",\"target\":[\"https:\\\/\\\/www.lesamoureuses.wine\\\/en\\\/soiree-gastronomique-au-domaine-les-amoureuses-un-diner-etoile-au-coeur-des-vignes-en-ardeche\\\/\"]}]},{\"@type\":\"ImageObject\",\"inLanguage\":\"en-US\",\"@id\":\"https:\\\/\\\/www.lesamoureuses.wine\\\/en\\\/soiree-gastronomique-au-domaine-les-amoureuses-un-diner-etoile-au-coeur-des-vignes-en-ardeche\\\/#primaryimage\",\"url\":\"https:\\\/\\\/www.lesamoureuses.wine\\\/wp-content\\\/uploads\\\/2025\\\/04\\\/soiree-blanche-4.jpg\",\"contentUrl\":\"https:\\\/\\\/www.lesamoureuses.wine\\\/wp-content\\\/uploads\\\/2025\\\/04\\\/soiree-blanche-4.jpg\",\"width\":2000,\"height\":2000,\"caption\":\"Soir\u00e9e blanche mai 2024\"},{\"@type\":\"BreadcrumbList\",\"@id\":\"https:\\\/\\\/www.lesamoureuses.wine\\\/en\\\/soiree-gastronomique-au-domaine-les-amoureuses-un-diner-etoile-au-coeur-des-vignes-en-ardeche\\\/#breadcrumb\",\"itemListElement\":[{\"@type\":\"ListItem\",\"position\":1,\"name\":\"Home\",\"item\":\"https:\\\/\\\/www.lesamoureuses.wine\\\/en\\\/\"},{\"@type\":\"ListItem\",\"position\":2,\"name\":\"Soir\u00e9e gastronomique au Domaine Les Amoureuses : un d\u00eener \u00e9toil\u00e9 au c\u0153ur des vignes en Ard\u00e8che\"}]},{\"@type\":\"WebSite\",\"@id\":\"https:\\\/\\\/www.lesamoureuses.wine\\\/en\\\/#website\",\"url\":\"https:\\\/\\\/www.lesamoureuses.wine\\\/en\\\/\",\"name\":\"Les Amoureuses\",\"description\":\"\",\"publisher\":{\"@id\":\"https:\\\/\\\/www.lesamoureuses.wine\\\/en\\\/#organization\"},\"potentialAction\":[{\"@type\":\"SearchAction\",\"target\":{\"@type\":\"EntryPoint\",\"urlTemplate\":\"https:\\\/\\\/www.lesamoureuses.wine\\\/en\\\/?s={search_term_string}\"},\"query-input\":{\"@type\":\"PropertyValueSpecification\",\"valueRequired\":true,\"valueName\":\"search_term_string\"}}],\"inLanguage\":\"en-US\"},{\"@type\":\"Organization\",\"@id\":\"https:\\\/\\\/www.lesamoureuses.wine\\\/en\\\/#organization\",\"name\":\"Domaine Les Amoureuses\",\"url\":\"https:\\\/\\\/www.lesamoureuses.wine\\\/en\\\/\",\"logo\":{\"@type\":\"ImageObject\",\"inLanguage\":\"en-US\",\"@id\":\"https:\\\/\\\/www.lesamoureuses.wine\\\/en\\\/#\\\/schema\\\/logo\\\/image\\\/\",\"url\":\"https:\\\/\\\/www.lesamoureuses.wine\\\/wp-content\\\/uploads\\\/2023\\\/08\\\/LOGO_AMOUREUSES-F.jpg\",\"contentUrl\":\"https:\\\/\\\/www.lesamoureuses.wine\\\/wp-content\\\/uploads\\\/2023\\\/08\\\/LOGO_AMOUREUSES-F.jpg\",\"width\":2339,\"height\":1654,\"caption\":\"Domaine Les Amoureuses\"},\"image\":{\"@id\":\"https:\\\/\\\/www.lesamoureuses.wine\\\/en\\\/#\\\/schema\\\/logo\\\/image\\\/\"}},{\"@type\":\"Person\",\"@id\":\"https:\\\/\\\/www.lesamoureuses.wine\\\/en\\\/#\\\/schema\\\/person\\\/35fe34e127ea7ab7211e52e2229cc65a\",\"name\":\"Fanny Margerie\",\"image\":{\"@type\":\"ImageObject\",\"inLanguage\":\"en-US\",\"@id\":\"https:\\\/\\\/secure.gravatar.com\\\/avatar\\\/57bb1ef2bbb7bd318efccfe85ae6a28aec99389ce8123046890acbfe7ab82fac?s=96&d=mm&r=g\",\"url\":\"https:\\\/\\\/secure.gravatar.com\\\/avatar\\\/57bb1ef2bbb7bd318efccfe85ae6a28aec99389ce8123046890acbfe7ab82fac?s=96&d=mm&r=g\",\"contentUrl\":\"https:\\\/\\\/secure.gravatar.com\\\/avatar\\\/57bb1ef2bbb7bd318efccfe85ae6a28aec99389ce8123046890acbfe7ab82fac?s=96&d=mm&r=g\",\"caption\":\"Fanny Margerie\"}}]}<\/script>\n<!-- \/ Yoast SEO plugin. -->","yoast_head_json":{"title":"Soir\u00e9e gastronomique au Domaine Les Amoureuses : un d\u00eener \u00e9toil\u00e9 au c\u0153ur des vignes en Ard\u00e8che - Les Amoureuses","description":"Participez \u00e0 une soir\u00e9e gastronomique d\u2019exception au Domaine Les Amoureuses, le 24 mai 2025, avec un d\u00eener \u00e9toil\u00e9 sign\u00e9 Johan Thyriot.","robots":{"index":"index","follow":"follow","max-snippet":"max-snippet:-1","max-image-preview":"max-image-preview:large","max-video-preview":"max-video-preview:-1"},"og_locale":"en_US","og_type":"article","og_title":"Soir\u00e9e gastronomique au Domaine Les Amoureuses : un d\u00eener \u00e9toil\u00e9 au c\u0153ur des vignes en Ard\u00e8che - Les Amoureuses","og_description":"Participez \u00e0 une soir\u00e9e gastronomique d\u2019exception au Domaine Les Amoureuses, le 24 mai 2025, avec un d\u00eener \u00e9toil\u00e9 sign\u00e9 Johan Thyriot.","og_url":"https:\/\/www.lesamoureuses.wine\/en\/soiree-gastronomique-au-domaine-les-amoureuses-un-diner-etoile-au-coeur-des-vignes-en-ardeche\/","og_site_name":"Les Amoureuses","article_published_time":"2025-04-29T13:33:08+00:00","article_modified_time":"2025-04-29T13:33:56+00:00","og_image":[{"width":2000,"height":2000,"url":"https:\/\/www.lesamoureuses.wine\/wp-content\/uploads\/2025\/04\/soiree-blanche-4.jpg","type":"image\/jpeg"}],"author":"Fanny Margerie","twitter_card":"summary_large_image","twitter_misc":{"Written by":"Fanny Margerie","Est. reading time":"3 minutes"},"schema":{"@context":"https:\/\/schema.org","@graph":[{"@type":"Article","@id":"https:\/\/www.lesamoureuses.wine\/en\/soiree-gastronomique-au-domaine-les-amoureuses-un-diner-etoile-au-coeur-des-vignes-en-ardeche\/#article","isPartOf":{"@id":"https:\/\/www.lesamoureuses.wine\/en\/soiree-gastronomique-au-domaine-les-amoureuses-un-diner-etoile-au-coeur-des-vignes-en-ardeche\/"},"author":{"name":"Fanny Margerie","@id":"https:\/\/www.lesamoureuses.wine\/en\/#\/schema\/person\/35fe34e127ea7ab7211e52e2229cc65a"},"headline":"Soir\u00e9e gastronomique au Domaine Les Amoureuses : un d\u00eener \u00e9toil\u00e9 au c\u0153ur des vignes en Ard\u00e8che","datePublished":"2025-04-29T13:33:08+00:00","dateModified":"2025-04-29T13:33:56+00:00","mainEntityOfPage":{"@id":"https:\/\/www.lesamoureuses.wine\/en\/soiree-gastronomique-au-domaine-les-amoureuses-un-diner-etoile-au-coeur-des-vignes-en-ardeche\/"},"wordCount":460,"publisher":{"@id":"https:\/\/www.lesamoureuses.wine\/en\/#organization"},"image":{"@id":"https:\/\/www.lesamoureuses.wine\/en\/soiree-gastronomique-au-domaine-les-amoureuses-un-diner-etoile-au-coeur-des-vignes-en-ardeche\/#primaryimage"},"thumbnailUrl":"https:\/\/www.lesamoureuses.wine\/wp-content\/uploads\/2025\/04\/soiree-blanche-4.jpg","articleSection":["Actualit\u00e9","Ev\u00e8nement"],"inLanguage":"en-US"},{"@type":"WebPage","@id":"https:\/\/www.lesamoureuses.wine\/en\/soiree-gastronomique-au-domaine-les-amoureuses-un-diner-etoile-au-coeur-des-vignes-en-ardeche\/","url":"https:\/\/www.lesamoureuses.wine\/en\/soiree-gastronomique-au-domaine-les-amoureuses-un-diner-etoile-au-coeur-des-vignes-en-ardeche\/","name":"Soir\u00e9e gastronomique au Domaine Les Amoureuses : un d\u00eener \u00e9toil\u00e9 au c\u0153ur des vignes en Ard\u00e8che - Les Amoureuses","isPartOf":{"@id":"https:\/\/www.lesamoureuses.wine\/en\/#website"},"primaryImageOfPage":{"@id":"https:\/\/www.lesamoureuses.wine\/en\/soiree-gastronomique-au-domaine-les-amoureuses-un-diner-etoile-au-coeur-des-vignes-en-ardeche\/#primaryimage"},"image":{"@id":"https:\/\/www.lesamoureuses.wine\/en\/soiree-gastronomique-au-domaine-les-amoureuses-un-diner-etoile-au-coeur-des-vignes-en-ardeche\/#primaryimage"},"thumbnailUrl":"https:\/\/www.lesamoureuses.wine\/wp-content\/uploads\/2025\/04\/soiree-blanche-4.jpg","datePublished":"2025-04-29T13:33:08+00:00","dateModified":"2025-04-29T13:33:56+00:00","description":"Participez \u00e0 une soir\u00e9e gastronomique d\u2019exception au Domaine Les Amoureuses, le 24 mai 2025, avec un d\u00eener \u00e9toil\u00e9 sign\u00e9 Johan Thyriot.","breadcrumb":{"@id":"https:\/\/www.lesamoureuses.wine\/en\/soiree-gastronomique-au-domaine-les-amoureuses-un-diner-etoile-au-coeur-des-vignes-en-ardeche\/#breadcrumb"},"inLanguage":"en-US","potentialAction":[{"@type":"ReadAction","target":["https:\/\/www.lesamoureuses.wine\/en\/soiree-gastronomique-au-domaine-les-amoureuses-un-diner-etoile-au-coeur-des-vignes-en-ardeche\/"]}]},{"@type":"ImageObject","inLanguage":"en-US","@id":"https:\/\/www.lesamoureuses.wine\/en\/soiree-gastronomique-au-domaine-les-amoureuses-un-diner-etoile-au-coeur-des-vignes-en-ardeche\/#primaryimage","url":"https:\/\/www.lesamoureuses.wine\/wp-content\/uploads\/2025\/04\/soiree-blanche-4.jpg","contentUrl":"https:\/\/www.lesamoureuses.wine\/wp-content\/uploads\/2025\/04\/soiree-blanche-4.jpg","width":2000,"height":2000,"caption":"Soir\u00e9e blanche mai 2024"},{"@type":"BreadcrumbList","@id":"https:\/\/www.lesamoureuses.wine\/en\/soiree-gastronomique-au-domaine-les-amoureuses-un-diner-etoile-au-coeur-des-vignes-en-ardeche\/#breadcrumb","itemListElement":[{"@type":"ListItem","position":1,"name":"Home","item":"https:\/\/www.lesamoureuses.wine\/en\/"},{"@type":"ListItem","position":2,"name":"Soir\u00e9e gastronomique au Domaine Les Amoureuses : un d\u00eener \u00e9toil\u00e9 au c\u0153ur des vignes en Ard\u00e8che"}]},{"@type":"WebSite","@id":"https:\/\/www.lesamoureuses.wine\/en\/#website","url":"https:\/\/www.lesamoureuses.wine\/en\/","name":"Les Amoureuses","description":"","publisher":{"@id":"https:\/\/www.lesamoureuses.wine\/en\/#organization"},"potentialAction":[{"@type":"SearchAction","target":{"@type":"EntryPoint","urlTemplate":"https:\/\/www.lesamoureuses.wine\/en\/?s={search_term_string}"},"query-input":{"@type":"PropertyValueSpecification","valueRequired":true,"valueName":"search_term_string"}}],"inLanguage":"en-US"},{"@type":"Organization","@id":"https:\/\/www.lesamoureuses.wine\/en\/#organization","name":"Domaine Les Amoureuses","url":"https:\/\/www.lesamoureuses.wine\/en\/","logo":{"@type":"ImageObject","inLanguage":"en-US","@id":"https:\/\/www.lesamoureuses.wine\/en\/#\/schema\/logo\/image\/","url":"https:\/\/www.lesamoureuses.wine\/wp-content\/uploads\/2023\/08\/LOGO_AMOUREUSES-F.jpg","contentUrl":"https:\/\/www.lesamoureuses.wine\/wp-content\/uploads\/2023\/08\/LOGO_AMOUREUSES-F.jpg","width":2339,"height":1654,"caption":"Domaine Les Amoureuses"},"image":{"@id":"https:\/\/www.lesamoureuses.wine\/en\/#\/schema\/logo\/image\/"}},{"@type":"Person","@id":"https:\/\/www.lesamoureuses.wine\/en\/#\/schema\/person\/35fe34e127ea7ab7211e52e2229cc65a","name":"Fanny Margerie","image":{"@type":"ImageObject","inLanguage":"en-US","@id":"https:\/\/secure.gravatar.com\/avatar\/57bb1ef2bbb7bd318efccfe85ae6a28aec99389ce8123046890acbfe7ab82fac?s=96&d=mm&r=g","url":"https:\/\/secure.gravatar.com\/avatar\/57bb1ef2bbb7bd318efccfe85ae6a28aec99389ce8123046890acbfe7ab82fac?s=96&d=mm&r=g","contentUrl":"https:\/\/secure.gravatar.com\/avatar\/57bb1ef2bbb7bd318efccfe85ae6a28aec99389ce8123046890acbfe7ab82fac?s=96&d=mm&r=g","caption":"Fanny Margerie"}}]}},"_links":{"self":[{"href":"https:\/\/www.lesamoureuses.wine\/en\/wp-json\/wp\/v2\/posts\/3540","targetHints":{"allow":["GET"]}}],"collection":[{"href":"https:\/\/www.lesamoureuses.wine\/en\/wp-json\/wp\/v2\/posts"}],"about":[{"href":"https:\/\/www.lesamoureuses.wine\/en\/wp-json\/wp\/v2\/types\/post"}],"author":[{"embeddable":true,"href":"https:\/\/www.lesamoureuses.wine\/en\/wp-json\/wp\/v2\/users\/959"}],"replies":[{"embeddable":true,"href":"https:\/\/www.lesamoureuses.wine\/en\/wp-json\/wp\/v2\/comments?post=3540"}],"version-history":[{"count":3,"href":"https:\/\/www.lesamoureuses.wine\/en\/wp-json\/wp\/v2\/posts\/3540\/revisions"}],"predecessor-version":[{"id":3543,"href":"https:\/\/www.lesamoureuses.wine\/en\/wp-json\/wp\/v2\/posts\/3540\/revisions\/3543"}],"wp:featuredmedia":[{"embeddable":true,"href":"https:\/\/www.lesamoureuses.wine\/en\/wp-json\/wp\/v2\/media\/3538"}],"wp:attachment":[{"href":"https:\/\/www.lesamoureuses.wine\/en\/wp-json\/wp\/v2\/media?parent=3540"}],"wp:term":[{"taxonomy":"category","embeddable":true,"href":"https:\/\/www.lesamoureuses.wine\/en\/wp-json\/wp\/v2\/categories?post=3540"},{"taxonomy":"post_tag","embeddable":true,"href":"https:\/\/www.lesamoureuses.wine\/en\/wp-json\/wp\/v2\/tags?post=3540"}],"curies":[{"name":"wp","href":"https:\/\/api.w.org\/{rel}","templated":true}]}}