{"id":3453,"date":"2025-04-17T07:44:27","date_gmt":"2025-04-17T07:44:27","guid":{"rendered":"https:\/\/www.lesamoureuses.wine\/?p=3453"},"modified":"2025-04-17T09:40:57","modified_gmt":"2025-04-17T09:40:57","slug":"portes-ouvertes-au-domaine-les-amoureuses-une-journee-festive-et-conviviale-a-ne-pas-manquer","status":"publish","type":"post","link":"https:\/\/www.lesamoureuses.wine\/en\/portes-ouvertes-au-domaine-les-amoureuses-une-journee-festive-et-conviviale-a-ne-pas-manquer\/","title":{"rendered":"Portes Ouvertes au Domaine Les Amoureuses : une journ\u00e9e festive et conviviale \u00e0 ne pas manquer"},"content":{"rendered":"<p data-start=\"474\" data-end=\"724\" class=\"\">Le <strong data-start=\"477\" data-end=\"505\">samedi 17 mai 2025<\/strong>, de <strong data-start=\"510\" data-end=\"523\">10h \u00e0 19h<\/strong>, le <strong data-start=\"528\" data-end=\"554\">Domaine Les Amoureuses<\/strong>, situ\u00e9 \u00e0 <strong data-start=\"564\" data-end=\"597\">Bourg-Saint-And\u00e9ol en Ard\u00e8che<\/strong>, vous invite \u00e0 une <strong data-start=\"617\" data-end=\"653\">journ\u00e9e Portes Ouvertes gratuite<\/strong> plac\u00e9e sous le signe du <strong data-start=\"678\" data-end=\"721\">plaisir, du partage et de l\u2019\u0153notourisme<\/strong>.<\/p>\n<p data-start=\"726\" data-end=\"886\" class=\"\">Une occasion unique de d\u00e9couvrir un <strong data-start=\"762\" data-end=\"793\">domaine viticole en Ard\u00e8che<\/strong> dans une <strong data-start=\"803\" data-end=\"838\">ambiance chaleureuse et festive<\/strong>, au c\u0153ur des <strong data-start=\"852\" data-end=\"885\">vignobles du sud de la France<\/strong>.<\/p>\n<p><!--more--><\/p>\n<h2 data-start=\"687\" data-end=\"772\">D\u00e9gustation gratuite sur amphores et barriques : une exp\u00e9rience \u0153nologique unique<\/h2>\n<p data-start=\"774\" data-end=\"1327\" class=\"\">Tout au long de la journ\u00e9e, profitez d\u2019une <strong data-start=\"1005\" data-end=\"1051\">visite guid\u00e9e du chai et des installations<\/strong>, incluant une <strong data-start=\"1066\" data-end=\"1124\">d\u00e9gustation de vins \u00e9lev\u00e9s en amphores et en barriques<\/strong>, habituellement propos\u00e9e \u00e0 30 \u20ac, offerte pour l\u2019occasion.<br data-start=\"1182\" data-end=\"1185\" \/>Une <strong data-start=\"1189\" data-end=\"1224\">exp\u00e9rience \u0153nologique immersive<\/strong> pour comprendre notre d\u00e9marche artisanale, et go\u00fbter \u00e0 l\u2019<strong data-start=\"1282\" data-end=\"1329\">expression authentique du terroir ard\u00e9chois<\/strong>.<\/p>\n<h2 data-start=\"1329\" data-end=\"1381\">Une ambiance chaleureuse et musicale en terrasse<\/h2>\n<p data-start=\"1383\" data-end=\"1734\" class=\"\">Installez-vous sur notre <strong data-start=\"1423\" data-end=\"1443\">terrasse ouverte<\/strong> sp\u00e9cialement am\u00e9nag\u00e9e : <strong data-start=\"1468\" data-end=\"1493\">guirlandes lumineuses<\/strong>, <strong data-start=\"1495\" data-end=\"1507\">parasols<\/strong>, et <strong data-start=\"1512\" data-end=\"1534\">musique d\u2019ambiance<\/strong> accompagneront vos d\u00e9gustations dans une atmosph\u00e8re <strong data-start=\"1587\" data-end=\"1613\">d\u00e9tendue et conviviale<\/strong>. Un cadre parfait pour passer un moment agr\u00e9able en famille, entre amis ou en couple.<\/p>\n<h2 data-start=\"1736\" data-end=\"1802\">Barbecue &amp; brasero gratuits : une pause gourmande en plein air<\/h2>\n<p data-start=\"1804\" data-end=\"2092\" class=\"\">Tout au long de la journ\u00e9e, un <strong data-start=\"1835\" data-end=\"1869\">barbecue et un brasero offerts<\/strong> permettront aux visiteurs de se restaurer sur place. Une offre vari\u00e9e \u2013 viandes grill\u00e9es, l\u00e9gumes de saison, options v\u00e9g\u00e9tariennes \u2013 sera propos\u00e9e dans une atmosph\u00e8re <strong data-start=\"2037\" data-end=\"2064\">ludique et d\u00e9contract\u00e9e<\/strong>, propice \u00e0 la convivialit\u00e9. Une offre gastronomique simple et g\u00e9n\u00e9reuse, en harmonie avec notre approche du <strong data-start=\"1997\" data-end=\"2034\">bien-vivre en Ard\u00e8che m\u00e9ridionale<\/strong>.<\/p>\n<h2 data-start=\"2094\" data-end=\"2151\">Une sortie id\u00e9ale en famille ou entre amis en Ard\u00e8che<\/h2>\n<p data-start=\"2153\" data-end=\"2575\" class=\"\">Situ\u00e9 \u00e0 <strong data-start=\"2106\" data-end=\"2187\">moins d\u2019une heure de Mont\u00e9limar, de Vallon-Pont-d\u2019Arc et de la Grotte Chauvet<\/strong>, le Domaine Les Amoureuses est une <strong data-start=\"2223\" data-end=\"2290\">destination id\u00e9ale pour une sortie \u0153notouristique d\u2019une journ\u00e9e<\/strong>, entre <strong data-start=\"2298\" data-end=\"2319\">vins de caract\u00e8re<\/strong> et <strong data-start=\"2323\" data-end=\"2345\">accueil chaleureux<\/strong>.<br \/>\n<br data-start=\"2346\" data-end=\"2349\" \/>Stationnement facile sur place, <strong data-start=\"2381\" data-end=\"2404\">activit\u00e9s gratuites<\/strong>, <strong data-start=\"2406\" data-end=\"2432\">cadre naturel pr\u00e9serv\u00e9<\/strong>, tout est r\u00e9uni pour une <strong data-start=\"2458\" data-end=\"2494\">escapade r\u00e9ussie dans les vignes<\/strong>.<\/p>\n<hr \/>\n<h3 data-start=\"2376\" data-end=\"2532\"><strong data-start=\"2379\" data-end=\"2405\"><br \/>\n\ud83d\udccd Domaine Les Amoureuses \u2013 Bourg-Saint-And\u00e9ol (07700)<br \/>\n<\/strong><br data-start=\"2405\" data-end=\"2408\" \/>\ud83d\uddd3\ufe0f <strong data-start=\"2412\" data-end=\"2448\">Samedi 17 mai 2025<br \/>\n<\/strong><br data-start=\"2448\" data-end=\"2451\" \/>\ud83d\udd59 <strong data-start=\"2454\" data-end=\"2470\">De 10h \u00e0 19h<br \/>\n<\/strong><br data-start=\"2470\" data-end=\"2473\" \/>\ud83c\udf9f\ufe0f <strong data-start=\"2632\" data-end=\"2703\">Entr\u00e9e libre \u2013 Activit\u00e9s et d\u00e9gustations gratuites toute la journ\u00e9e<\/strong><\/h3>\n","protected":false},"excerpt":{"rendered":"<p>Le samedi 17 mai 2025, de 10h \u00e0 19h, le Domaine Les Amoureuses, situ\u00e9 \u00e0 Bourg-Saint-And\u00e9ol en Ard\u00e8che, vous invite \u00e0 une journ\u00e9e Portes Ouvertes gratuite plac\u00e9e sous le signe du plaisir, du partage et de l\u2019\u0153notourisme. Une occasion unique de d\u00e9couvrir un domaine viticole en Ard\u00e8che dans une ambiance chaleureuse et festive, au c\u0153ur [\u2026]<\/p>\n","protected":false},"author":959,"featured_media":3456,"comment_status":"closed","ping_status":"closed","sticky":false,"template":"","format":"standard","meta":{"_acf_changed":false,"inline_featured_image":false,"footnotes":""},"categories":[99,100],"tags":[],"class_list":["post-3453","post","type-post","status-publish","format-standard","has-post-thumbnail","hentry","category-actualite","category-evenement"],"acf":[],"yoast_head":"<!-- This site is optimized with the Yoast SEO plugin v27.5 - https:\/\/yoast.com\/product\/yoast-seo-wordpress\/ -->\n<title>Portes Ouvertes au Domaine Les Amoureuses : une journ\u00e9e festive et conviviale \u00e0 ne pas manquer - Les Amoureuses<\/title>\n<meta name=\"description\" content=\"Portes ouvertes gratuites au Domaine Les Amoureuses \u00e0 Bourg-Saint-And\u00e9ol (Ard\u00e8che) le samedi 17 mai 2025 : visites, d\u00e9gustations sur amphores et barriques, barbecue &amp; ambiance musicale. Une journ\u00e9e ludique et festive \u00e0 ne pas manquer.\" \/>\n<meta name=\"robots\" content=\"index, follow, max-snippet:-1, max-image-preview:large, max-video-preview:-1\" \/>\n<meta property=\"og:locale\" content=\"en_US\" \/>\n<meta property=\"og:type\" content=\"article\" \/>\n<meta property=\"og:title\" content=\"Portes Ouvertes au Domaine Les Amoureuses : une journ\u00e9e festive et conviviale \u00e0 ne pas manquer - Les Amoureuses\" \/>\n<meta property=\"og:description\" content=\"Portes ouvertes gratuites au Domaine Les Amoureuses \u00e0 Bourg-Saint-And\u00e9ol (Ard\u00e8che) le samedi 17 mai 2025 : visites, d\u00e9gustations sur amphores et barriques, barbecue &amp; ambiance musicale. Une journ\u00e9e ludique et festive \u00e0 ne pas manquer.\" \/>\n<meta property=\"og:url\" content=\"https:\/\/www.lesamoureuses.wine\/en\/portes-ouvertes-au-domaine-les-amoureuses-une-journee-festive-et-conviviale-a-ne-pas-manquer\/\" \/>\n<meta property=\"og:site_name\" content=\"Les Amoureuses\" \/>\n<meta property=\"article:published_time\" content=\"2025-04-17T07:44:27+00:00\" \/>\n<meta property=\"article:modified_time\" content=\"2025-04-17T09:40:57+00:00\" \/>\n<meta property=\"og:image\" content=\"https:\/\/www.lesamoureuses.wine\/wp-content\/uploads\/2025\/04\/18-scaled.jpg\" \/>\n\t<meta property=\"og:image:width\" content=\"2560\" \/>\n\t<meta property=\"og:image:height\" content=\"1707\" \/>\n\t<meta property=\"og:image:type\" content=\"image\/jpeg\" \/>\n<meta name=\"author\" content=\"Fanny Margerie\" \/>\n<meta name=\"twitter:card\" content=\"summary_large_image\" \/>\n<meta name=\"twitter:label1\" content=\"Written by\" \/>\n\t<meta name=\"twitter:data1\" content=\"Fanny Margerie\" \/>\n\t<meta name=\"twitter:label2\" content=\"Est. reading time\" \/>\n\t<meta name=\"twitter:data2\" content=\"2 minutes\" \/>\n<script type=\"application\/ld+json\" class=\"yoast-schema-graph\">{\"@context\":\"https:\\\/\\\/schema.org\",\"@graph\":[{\"@type\":\"Article\",\"@id\":\"https:\\\/\\\/www.lesamoureuses.wine\\\/en\\\/portes-ouvertes-au-domaine-les-amoureuses-une-journee-festive-et-conviviale-a-ne-pas-manquer\\\/#article\",\"isPartOf\":{\"@id\":\"https:\\\/\\\/www.lesamoureuses.wine\\\/en\\\/portes-ouvertes-au-domaine-les-amoureuses-une-journee-festive-et-conviviale-a-ne-pas-manquer\\\/\"},\"author\":{\"name\":\"Fanny Margerie\",\"@id\":\"https:\\\/\\\/www.lesamoureuses.wine\\\/en\\\/#\\\/schema\\\/person\\\/35fe34e127ea7ab7211e52e2229cc65a\"},\"headline\":\"Portes Ouvertes au Domaine Les Amoureuses : une journ\u00e9e festive et conviviale \u00e0 ne pas manquer\",\"datePublished\":\"2025-04-17T07:44:27+00:00\",\"dateModified\":\"2025-04-17T09:40:57+00:00\",\"mainEntityOfPage\":{\"@id\":\"https:\\\/\\\/www.lesamoureuses.wine\\\/en\\\/portes-ouvertes-au-domaine-les-amoureuses-une-journee-festive-et-conviviale-a-ne-pas-manquer\\\/\"},\"wordCount\":383,\"publisher\":{\"@id\":\"https:\\\/\\\/www.lesamoureuses.wine\\\/en\\\/#organization\"},\"image\":{\"@id\":\"https:\\\/\\\/www.lesamoureuses.wine\\\/en\\\/portes-ouvertes-au-domaine-les-amoureuses-une-journee-festive-et-conviviale-a-ne-pas-manquer\\\/#primaryimage\"},\"thumbnailUrl\":\"https:\\\/\\\/www.lesamoureuses.wine\\\/wp-content\\\/uploads\\\/2025\\\/04\\\/18-scaled.jpg\",\"articleSection\":[\"Actualit\u00e9\",\"Ev\u00e8nement\"],\"inLanguage\":\"en-US\"},{\"@type\":\"WebPage\",\"@id\":\"https:\\\/\\\/www.lesamoureuses.wine\\\/en\\\/portes-ouvertes-au-domaine-les-amoureuses-une-journee-festive-et-conviviale-a-ne-pas-manquer\\\/\",\"url\":\"https:\\\/\\\/www.lesamoureuses.wine\\\/en\\\/portes-ouvertes-au-domaine-les-amoureuses-une-journee-festive-et-conviviale-a-ne-pas-manquer\\\/\",\"name\":\"Portes Ouvertes au Domaine Les Amoureuses : une journ\u00e9e festive et conviviale \u00e0 ne pas manquer - Les Amoureuses\",\"isPartOf\":{\"@id\":\"https:\\\/\\\/www.lesamoureuses.wine\\\/en\\\/#website\"},\"primaryImageOfPage\":{\"@id\":\"https:\\\/\\\/www.lesamoureuses.wine\\\/en\\\/portes-ouvertes-au-domaine-les-amoureuses-une-journee-festive-et-conviviale-a-ne-pas-manquer\\\/#primaryimage\"},\"image\":{\"@id\":\"https:\\\/\\\/www.lesamoureuses.wine\\\/en\\\/portes-ouvertes-au-domaine-les-amoureuses-une-journee-festive-et-conviviale-a-ne-pas-manquer\\\/#primaryimage\"},\"thumbnailUrl\":\"https:\\\/\\\/www.lesamoureuses.wine\\\/wp-content\\\/uploads\\\/2025\\\/04\\\/18-scaled.jpg\",\"datePublished\":\"2025-04-17T07:44:27+00:00\",\"dateModified\":\"2025-04-17T09:40:57+00:00\",\"description\":\"Portes ouvertes gratuites au Domaine Les Amoureuses \u00e0 Bourg-Saint-And\u00e9ol (Ard\u00e8che) le samedi 17 mai 2025 : visites, d\u00e9gustations sur amphores et barriques, barbecue & ambiance musicale. Une journ\u00e9e ludique et festive \u00e0 ne pas manquer.\",\"breadcrumb\":{\"@id\":\"https:\\\/\\\/www.lesamoureuses.wine\\\/en\\\/portes-ouvertes-au-domaine-les-amoureuses-une-journee-festive-et-conviviale-a-ne-pas-manquer\\\/#breadcrumb\"},\"inLanguage\":\"en-US\",\"potentialAction\":[{\"@type\":\"ReadAction\",\"target\":[\"https:\\\/\\\/www.lesamoureuses.wine\\\/en\\\/portes-ouvertes-au-domaine-les-amoureuses-une-journee-festive-et-conviviale-a-ne-pas-manquer\\\/\"]}]},{\"@type\":\"ImageObject\",\"inLanguage\":\"en-US\",\"@id\":\"https:\\\/\\\/www.lesamoureuses.wine\\\/en\\\/portes-ouvertes-au-domaine-les-amoureuses-une-journee-festive-et-conviviale-a-ne-pas-manquer\\\/#primaryimage\",\"url\":\"https:\\\/\\\/www.lesamoureuses.wine\\\/wp-content\\\/uploads\\\/2025\\\/04\\\/18-scaled.jpg\",\"contentUrl\":\"https:\\\/\\\/www.lesamoureuses.wine\\\/wp-content\\\/uploads\\\/2025\\\/04\\\/18-scaled.jpg\",\"width\":2560,\"height\":1707,\"caption\":\"\u00e9v\u00e9nement f\u00eate de la musique\"},{\"@type\":\"BreadcrumbList\",\"@id\":\"https:\\\/\\\/www.lesamoureuses.wine\\\/en\\\/portes-ouvertes-au-domaine-les-amoureuses-une-journee-festive-et-conviviale-a-ne-pas-manquer\\\/#breadcrumb\",\"itemListElement\":[{\"@type\":\"ListItem\",\"position\":1,\"name\":\"Home\",\"item\":\"https:\\\/\\\/www.lesamoureuses.wine\\\/en\\\/\"},{\"@type\":\"ListItem\",\"position\":2,\"name\":\"Portes Ouvertes au Domaine Les Amoureuses : une journ\u00e9e festive et conviviale \u00e0 ne pas manquer\"}]},{\"@type\":\"WebSite\",\"@id\":\"https:\\\/\\\/www.lesamoureuses.wine\\\/en\\\/#website\",\"url\":\"https:\\\/\\\/www.lesamoureuses.wine\\\/en\\\/\",\"name\":\"Les Amoureuses\",\"description\":\"\",\"publisher\":{\"@id\":\"https:\\\/\\\/www.lesamoureuses.wine\\\/en\\\/#organization\"},\"potentialAction\":[{\"@type\":\"SearchAction\",\"target\":{\"@type\":\"EntryPoint\",\"urlTemplate\":\"https:\\\/\\\/www.lesamoureuses.wine\\\/en\\\/?s={search_term_string}\"},\"query-input\":{\"@type\":\"PropertyValueSpecification\",\"valueRequired\":true,\"valueName\":\"search_term_string\"}}],\"inLanguage\":\"en-US\"},{\"@type\":\"Organization\",\"@id\":\"https:\\\/\\\/www.lesamoureuses.wine\\\/en\\\/#organization\",\"name\":\"Domaine Les Amoureuses\",\"url\":\"https:\\\/\\\/www.lesamoureuses.wine\\\/en\\\/\",\"logo\":{\"@type\":\"ImageObject\",\"inLanguage\":\"en-US\",\"@id\":\"https:\\\/\\\/www.lesamoureuses.wine\\\/en\\\/#\\\/schema\\\/logo\\\/image\\\/\",\"url\":\"https:\\\/\\\/www.lesamoureuses.wine\\\/wp-content\\\/uploads\\\/2023\\\/08\\\/LOGO_AMOUREUSES-F.jpg\",\"contentUrl\":\"https:\\\/\\\/www.lesamoureuses.wine\\\/wp-content\\\/uploads\\\/2023\\\/08\\\/LOGO_AMOUREUSES-F.jpg\",\"width\":2339,\"height\":1654,\"caption\":\"Domaine Les Amoureuses\"},\"image\":{\"@id\":\"https:\\\/\\\/www.lesamoureuses.wine\\\/en\\\/#\\\/schema\\\/logo\\\/image\\\/\"}},{\"@type\":\"Person\",\"@id\":\"https:\\\/\\\/www.lesamoureuses.wine\\\/en\\\/#\\\/schema\\\/person\\\/35fe34e127ea7ab7211e52e2229cc65a\",\"name\":\"Fanny Margerie\",\"image\":{\"@type\":\"ImageObject\",\"inLanguage\":\"en-US\",\"@id\":\"https:\\\/\\\/secure.gravatar.com\\\/avatar\\\/57bb1ef2bbb7bd318efccfe85ae6a28aec99389ce8123046890acbfe7ab82fac?s=96&d=mm&r=g\",\"url\":\"https:\\\/\\\/secure.gravatar.com\\\/avatar\\\/57bb1ef2bbb7bd318efccfe85ae6a28aec99389ce8123046890acbfe7ab82fac?s=96&d=mm&r=g\",\"contentUrl\":\"https:\\\/\\\/secure.gravatar.com\\\/avatar\\\/57bb1ef2bbb7bd318efccfe85ae6a28aec99389ce8123046890acbfe7ab82fac?s=96&d=mm&r=g\",\"caption\":\"Fanny Margerie\"}}]}<\/script>\n<!-- \/ Yoast SEO plugin. -->","yoast_head_json":{"title":"Portes Ouvertes au Domaine Les Amoureuses : une journ\u00e9e festive et conviviale \u00e0 ne pas manquer - Les Amoureuses","description":"Portes ouvertes gratuites au Domaine Les Amoureuses \u00e0 Bourg-Saint-And\u00e9ol (Ard\u00e8che) le samedi 17 mai 2025 : visites, d\u00e9gustations sur amphores et barriques, barbecue & ambiance musicale. Une journ\u00e9e ludique et festive \u00e0 ne pas manquer.","robots":{"index":"index","follow":"follow","max-snippet":"max-snippet:-1","max-image-preview":"max-image-preview:large","max-video-preview":"max-video-preview:-1"},"og_locale":"en_US","og_type":"article","og_title":"Portes Ouvertes au Domaine Les Amoureuses : une journ\u00e9e festive et conviviale \u00e0 ne pas manquer - Les Amoureuses","og_description":"Portes ouvertes gratuites au Domaine Les Amoureuses \u00e0 Bourg-Saint-And\u00e9ol (Ard\u00e8che) le samedi 17 mai 2025 : visites, d\u00e9gustations sur amphores et barriques, barbecue & ambiance musicale. Une journ\u00e9e ludique et festive \u00e0 ne pas manquer.","og_url":"https:\/\/www.lesamoureuses.wine\/en\/portes-ouvertes-au-domaine-les-amoureuses-une-journee-festive-et-conviviale-a-ne-pas-manquer\/","og_site_name":"Les Amoureuses","article_published_time":"2025-04-17T07:44:27+00:00","article_modified_time":"2025-04-17T09:40:57+00:00","og_image":[{"width":2560,"height":1707,"url":"https:\/\/www.lesamoureuses.wine\/wp-content\/uploads\/2025\/04\/18-scaled.jpg","type":"image\/jpeg"}],"author":"Fanny Margerie","twitter_card":"summary_large_image","twitter_misc":{"Written by":"Fanny Margerie","Est. reading time":"2 minutes"},"schema":{"@context":"https:\/\/schema.org","@graph":[{"@type":"Article","@id":"https:\/\/www.lesamoureuses.wine\/en\/portes-ouvertes-au-domaine-les-amoureuses-une-journee-festive-et-conviviale-a-ne-pas-manquer\/#article","isPartOf":{"@id":"https:\/\/www.lesamoureuses.wine\/en\/portes-ouvertes-au-domaine-les-amoureuses-une-journee-festive-et-conviviale-a-ne-pas-manquer\/"},"author":{"name":"Fanny Margerie","@id":"https:\/\/www.lesamoureuses.wine\/en\/#\/schema\/person\/35fe34e127ea7ab7211e52e2229cc65a"},"headline":"Portes Ouvertes au Domaine Les Amoureuses : une journ\u00e9e festive et conviviale \u00e0 ne pas manquer","datePublished":"2025-04-17T07:44:27+00:00","dateModified":"2025-04-17T09:40:57+00:00","mainEntityOfPage":{"@id":"https:\/\/www.lesamoureuses.wine\/en\/portes-ouvertes-au-domaine-les-amoureuses-une-journee-festive-et-conviviale-a-ne-pas-manquer\/"},"wordCount":383,"publisher":{"@id":"https:\/\/www.lesamoureuses.wine\/en\/#organization"},"image":{"@id":"https:\/\/www.lesamoureuses.wine\/en\/portes-ouvertes-au-domaine-les-amoureuses-une-journee-festive-et-conviviale-a-ne-pas-manquer\/#primaryimage"},"thumbnailUrl":"https:\/\/www.lesamoureuses.wine\/wp-content\/uploads\/2025\/04\/18-scaled.jpg","articleSection":["Actualit\u00e9","Ev\u00e8nement"],"inLanguage":"en-US"},{"@type":"WebPage","@id":"https:\/\/www.lesamoureuses.wine\/en\/portes-ouvertes-au-domaine-les-amoureuses-une-journee-festive-et-conviviale-a-ne-pas-manquer\/","url":"https:\/\/www.lesamoureuses.wine\/en\/portes-ouvertes-au-domaine-les-amoureuses-une-journee-festive-et-conviviale-a-ne-pas-manquer\/","name":"Portes Ouvertes au Domaine Les Amoureuses : une journ\u00e9e festive et conviviale \u00e0 ne pas manquer - Les Amoureuses","isPartOf":{"@id":"https:\/\/www.lesamoureuses.wine\/en\/#website"},"primaryImageOfPage":{"@id":"https:\/\/www.lesamoureuses.wine\/en\/portes-ouvertes-au-domaine-les-amoureuses-une-journee-festive-et-conviviale-a-ne-pas-manquer\/#primaryimage"},"image":{"@id":"https:\/\/www.lesamoureuses.wine\/en\/portes-ouvertes-au-domaine-les-amoureuses-une-journee-festive-et-conviviale-a-ne-pas-manquer\/#primaryimage"},"thumbnailUrl":"https:\/\/www.lesamoureuses.wine\/wp-content\/uploads\/2025\/04\/18-scaled.jpg","datePublished":"2025-04-17T07:44:27+00:00","dateModified":"2025-04-17T09:40:57+00:00","description":"Portes ouvertes gratuites au Domaine Les Amoureuses \u00e0 Bourg-Saint-And\u00e9ol (Ard\u00e8che) le samedi 17 mai 2025 : visites, d\u00e9gustations sur amphores et barriques, barbecue & ambiance musicale. Une journ\u00e9e ludique et festive \u00e0 ne pas manquer.","breadcrumb":{"@id":"https:\/\/www.lesamoureuses.wine\/en\/portes-ouvertes-au-domaine-les-amoureuses-une-journee-festive-et-conviviale-a-ne-pas-manquer\/#breadcrumb"},"inLanguage":"en-US","potentialAction":[{"@type":"ReadAction","target":["https:\/\/www.lesamoureuses.wine\/en\/portes-ouvertes-au-domaine-les-amoureuses-une-journee-festive-et-conviviale-a-ne-pas-manquer\/"]}]},{"@type":"ImageObject","inLanguage":"en-US","@id":"https:\/\/www.lesamoureuses.wine\/en\/portes-ouvertes-au-domaine-les-amoureuses-une-journee-festive-et-conviviale-a-ne-pas-manquer\/#primaryimage","url":"https:\/\/www.lesamoureuses.wine\/wp-content\/uploads\/2025\/04\/18-scaled.jpg","contentUrl":"https:\/\/www.lesamoureuses.wine\/wp-content\/uploads\/2025\/04\/18-scaled.jpg","width":2560,"height":1707,"caption":"\u00e9v\u00e9nement f\u00eate de la musique"},{"@type":"BreadcrumbList","@id":"https:\/\/www.lesamoureuses.wine\/en\/portes-ouvertes-au-domaine-les-amoureuses-une-journee-festive-et-conviviale-a-ne-pas-manquer\/#breadcrumb","itemListElement":[{"@type":"ListItem","position":1,"name":"Home","item":"https:\/\/www.lesamoureuses.wine\/en\/"},{"@type":"ListItem","position":2,"name":"Portes Ouvertes au Domaine Les Amoureuses : une journ\u00e9e festive et conviviale \u00e0 ne pas manquer"}]},{"@type":"WebSite","@id":"https:\/\/www.lesamoureuses.wine\/en\/#website","url":"https:\/\/www.lesamoureuses.wine\/en\/","name":"Les Amoureuses","description":"","publisher":{"@id":"https:\/\/www.lesamoureuses.wine\/en\/#organization"},"potentialAction":[{"@type":"SearchAction","target":{"@type":"EntryPoint","urlTemplate":"https:\/\/www.lesamoureuses.wine\/en\/?s={search_term_string}"},"query-input":{"@type":"PropertyValueSpecification","valueRequired":true,"valueName":"search_term_string"}}],"inLanguage":"en-US"},{"@type":"Organization","@id":"https:\/\/www.lesamoureuses.wine\/en\/#organization","name":"Domaine Les Amoureuses","url":"https:\/\/www.lesamoureuses.wine\/en\/","logo":{"@type":"ImageObject","inLanguage":"en-US","@id":"https:\/\/www.lesamoureuses.wine\/en\/#\/schema\/logo\/image\/","url":"https:\/\/www.lesamoureuses.wine\/wp-content\/uploads\/2023\/08\/LOGO_AMOUREUSES-F.jpg","contentUrl":"https:\/\/www.lesamoureuses.wine\/wp-content\/uploads\/2023\/08\/LOGO_AMOUREUSES-F.jpg","width":2339,"height":1654,"caption":"Domaine Les Amoureuses"},"image":{"@id":"https:\/\/www.lesamoureuses.wine\/en\/#\/schema\/logo\/image\/"}},{"@type":"Person","@id":"https:\/\/www.lesamoureuses.wine\/en\/#\/schema\/person\/35fe34e127ea7ab7211e52e2229cc65a","name":"Fanny Margerie","image":{"@type":"ImageObject","inLanguage":"en-US","@id":"https:\/\/secure.gravatar.com\/avatar\/57bb1ef2bbb7bd318efccfe85ae6a28aec99389ce8123046890acbfe7ab82fac?s=96&d=mm&r=g","url":"https:\/\/secure.gravatar.com\/avatar\/57bb1ef2bbb7bd318efccfe85ae6a28aec99389ce8123046890acbfe7ab82fac?s=96&d=mm&r=g","contentUrl":"https:\/\/secure.gravatar.com\/avatar\/57bb1ef2bbb7bd318efccfe85ae6a28aec99389ce8123046890acbfe7ab82fac?s=96&d=mm&r=g","caption":"Fanny Margerie"}}]}},"_links":{"self":[{"href":"https:\/\/www.lesamoureuses.wine\/en\/wp-json\/wp\/v2\/posts\/3453","targetHints":{"allow":["GET"]}}],"collection":[{"href":"https:\/\/www.lesamoureuses.wine\/en\/wp-json\/wp\/v2\/posts"}],"about":[{"href":"https:\/\/www.lesamoureuses.wine\/en\/wp-json\/wp\/v2\/types\/post"}],"author":[{"embeddable":true,"href":"https:\/\/www.lesamoureuses.wine\/en\/wp-json\/wp\/v2\/users\/959"}],"replies":[{"embeddable":true,"href":"https:\/\/www.lesamoureuses.wine\/en\/wp-json\/wp\/v2\/comments?post=3453"}],"version-history":[{"count":7,"href":"https:\/\/www.lesamoureuses.wine\/en\/wp-json\/wp\/v2\/posts\/3453\/revisions"}],"predecessor-version":[{"id":3468,"href":"https:\/\/www.lesamoureuses.wine\/en\/wp-json\/wp\/v2\/posts\/3453\/revisions\/3468"}],"wp:featuredmedia":[{"embeddable":true,"href":"https:\/\/www.lesamoureuses.wine\/en\/wp-json\/wp\/v2\/media\/3456"}],"wp:attachment":[{"href":"https:\/\/www.lesamoureuses.wine\/en\/wp-json\/wp\/v2\/media?parent=3453"}],"wp:term":[{"taxonomy":"category","embeddable":true,"href":"https:\/\/www.lesamoureuses.wine\/en\/wp-json\/wp\/v2\/categories?post=3453"},{"taxonomy":"post_tag","embeddable":true,"href":"https:\/\/www.lesamoureuses.wine\/en\/wp-json\/wp\/v2\/tags?post=3453"}],"curies":[{"name":"wp","href":"https:\/\/api.w.org\/{rel}","templated":true}]}}